{"id":53195,"date":"2016-06-23T17:58:15","date_gmt":"2016-06-23T16:58:15","guid":{"rendered":"http:\/\/2horizontes.com\/?p=53195"},"modified":"2016-06-23T17:58:15","modified_gmt":"2016-06-23T16:58:15","slug":"brasil-registra-la-epidemia-mas-mortal-de-gripe-a-en-siete-anos","status":"publish","type":"post","link":"https:\/\/2horizontes.com\/?p=53195","title":{"rendered":"Brasil registra la epidemia m\u00e1s mortal de gripe A en siete a\u00f1os"},"content":{"rendered":"<div id=\"ArticleAuthorDiv\" class=\"article-body-author\"><b>EFE<\/b><\/div>\n<div id=\"ArticleSourceDiv\" class=\"article-body-author\"><b>R\u00edo de Janeiro<\/b><\/div>\n<div id=\"ArticleBody\">\n<p>Brasil registr\u00f3 hasta el 11 de junio de este a\u00f1o 1.003 muertes por gripe A, transmitida por el virus H1N1, con lo que la epidemia de este a\u00f1o es la m\u00e1s mortal desde que la enfermedad fue detectada por primera vez, en 2009, seg\u00fan un bolet\u00edn divulgado ayer por el Ministerio de Salud.<\/p>\n<p>El n\u00famero de \u00f3bitos en Brasil entre el 1 de enero y el 11 de junio de este a\u00f1o por la tambi\u00e9n llamada gripe porcina corresponden pr\u00e1cticamente a la mitad de las registradas en 2009 (2.069), cuando el virus fue registrado por primera vez, a\u00fan no exist\u00eda una vacuna para prevenirlo y la poblaci\u00f3n estaba vulnerable.<\/p>\n<p>Las muertes en lo que va del a\u00f1o ya pasaron las de todo 2013 (768), cuando se registr\u00f3 la segunda peor epidemia, y superan en casi 28 veces las registradas en 2015 (36).<\/p>\n<p>El elevado n\u00famero de \u00f3bitos este a\u00f1o ha sido atribuido tanto a la anticipaci\u00f3n del inicio de la epidemia, que normalmente se limitaba al segundo semestre del a\u00f1o, como a las bajas temperaturas que se registraron en las \u00faltimas semanas del oto\u00f1o austral, que hacen prever un riguroso invierno en 2016.<\/p>\n<p>\u00abComo la epidemia apareci\u00f3 antes de lo esperado, la poblaci\u00f3n vulnerable estaba desprotegida, es decir sin vacunarse\u00bb, explic\u00f3 el investigador Caio Rosenthal, del estatal Instituto de Infectolog\u00eda Emilio Ribas.<\/p>\n<p>\u00abDespu\u00e9s de que la vacuna comenz\u00f3 a ser distribuida, el n\u00famero de casos se redujo considerablemente\u00bb, agreg\u00f3.<\/p>\n<p>Seg\u00fan el bolet\u00edn epidemiol\u00f3gico divulgado hoy, Brasil ha registrado en lo que va del a\u00f1o 5.214 casos de gripe A, pr\u00e1cticamente la d\u00e9cima parte de los contabilizados en 2009 (50.482).<\/p>\n<p>Tan s\u00f3lo en la semana del 5 de junio hasta el 11 de junio fueron notificados 633 nuevos casos y 117 muertes.<\/p>\n<p>Sao Paulo, el estado m\u00e1s poblado y rico de Brasil, es tambi\u00e9n el m\u00e1s afectado por la gripe A, con 434 muertes este a\u00f1o, seguido por R\u00edo Grande do Sul (119) y Paran\u00e1 (87), ubicados en el extremo sur del pa\u00eds y en los que tradicionalmente se registran las menores temperaturas.<\/p>\n<p>El r\u00e1pido avance de la gripe A este a\u00f1o oblig\u00f3 al Gobierno brasile\u00f1o a lanzar el pasado 30 de abril una intensa campa\u00f1a de vacunaci\u00f3n en todo el pa\u00eds.<\/p>\n<p>De acuerdo con el Ministerio, hasta ahora han sido vacunadas 47,6 millones de personas, lo que representa el 95,5 % del p\u00fablico considerado como prioritario, que incluye ancianos, ni\u00f1os, profesionales del \u00e1rea de la salud, portadores de enfermedades cr\u00f3nicas, mujeres embarazadas e indios.<\/p>\n<p>El virus H1N1 se suma a los del zika y el dengue entre las mayores preocupaciones de las autoridades sanitarias brasile\u00f1as este a\u00f1o.<\/p>\n<p>La propagaci\u00f3n del zika, virus al que se atribuye un fuerte aumento de los casos de microcefalia en Brasil en los \u00faltimos meses, oblig\u00f3 al Gobierno a declarar emergencia sanitaria en noviembre pasado.<\/p>\n<\/div>\n","protected":false},"excerpt":{"rendered":"<p>EFE R\u00edo de Janeiro Brasil registr\u00f3 hasta el 11 de junio de este a\u00f1o 1.003 muertes por gripe A, transmitida por el virus H1N1, con lo que la epidemia de este a\u00f1o es la m\u00e1s mortal desde que la enfermedad fue detectada por primera vez, en 2009, seg\u00fan un bolet\u00edn divulgado ayer por el Ministerio [&hellip;]<\/p>\n","protected":false},"author":7,"featured_media":53196,"comment_status":"open","ping_status":"open","sticky":false,"template":"","format":"standard","meta":{"footnotes":""},"categories":[40,45],"tags":[],"class_list":["post-53195","post","type-post","status-publish","format-standard","has-post-thumbnail","hentry","category-internacionales","category-salud"],"_links":{"self":[{"href":"https:\/\/2horizontes.com\/index.php?rest_route=\/wp\/v2\/posts\/53195","targetHints":{"allow":["GET"]}}],"collection":[{"href":"https:\/\/2horizontes.com\/index.php?rest_route=\/wp\/v2\/posts"}],"about":[{"href":"https:\/\/2horizontes.com\/index.php?rest_route=\/wp\/v2\/types\/post"}],"author":[{"embeddable":true,"href":"https:\/\/2horizontes.com\/index.php?rest_route=\/wp\/v2\/users\/7"}],"replies":[{"embeddable":true,"href":"https:\/\/2horizontes.com\/index.php?rest_route=%2Fwp%2Fv2%2Fcomments&post=53195"}],"version-history":[{"count":1,"href":"https:\/\/2horizontes.com\/index.php?rest_route=\/wp\/v2\/posts\/53195\/revisions"}],"predecessor-version":[{"id":53197,"href":"https:\/\/2horizontes.com\/index.php?rest_route=\/wp\/v2\/posts\/53195\/revisions\/53197"}],"wp:featuredmedia":[{"embeddable":true,"href":"https:\/\/2horizontes.com\/index.php?rest_route=\/wp\/v2\/media\/53196"}],"wp:attachment":[{"href":"https:\/\/2horizontes.com\/index.php?rest_route=%2Fwp%2Fv2%2Fmedia&parent=53195"}],"wp:term":[{"taxonomy":"category","embeddable":true,"href":"https:\/\/2horizontes.com\/index.php?rest_route=%2Fwp%2Fv2%2Fcategories&post=53195"},{"taxonomy":"post_tag","embeddable":true,"href":"https:\/\/2horizontes.com\/index.php?rest_route=%2Fwp%2Fv2%2Ftags&post=53195"}],"curies":[{"name":"wp","href":"https:\/\/api.w.org\/{rel}","templated":true}]}}