{"id":53165,"date":"2016-06-23T12:06:30","date_gmt":"2016-06-23T11:06:30","guid":{"rendered":"http:\/\/2horizontes.com\/?p=53165"},"modified":"2016-06-23T12:06:30","modified_gmt":"2016-06-23T11:06:30","slug":"ingresa-en-prision-el-detenido-por-asesinar-a-una-mujer-en-vitoria","status":"publish","type":"post","link":"https:\/\/2horizontes.com\/?p=53165","title":{"rendered":"Ingresa en prisi\u00f3n el detenido por asesinar a una mujer en Vitoria"},"content":{"rendered":"<p>El hombre de 43 a\u00f1os detenido como presunto autor de la muerte de una mujer de 60, a la que posteriormente descuartiz\u00f3 y cuyos restos mortales fueron arrojados al r\u00edo Zadorra en Vitoria,ingres\u00f3 este mi\u00e9rcoles por la tarde en prisi\u00f3n por orden del juez, seg\u00fan ha informado a Europa Press el Departamento vasco de Seguridad.<\/p>\n<p>Este pasado lunes, la Ertzaintza recib\u00eda una llamada ciudadana que informaba de la posible comisi\u00f3n de un homicidio en una vivienda de la capital alavesa. De inmediato, una patrulla se dirigi\u00f3 al domicilio, en el casco antiguo. Tras contactar con el inquilino del inmueble, un var\u00f3n de 43 a\u00f1os de edad, \u00e9ste reconoci\u00f3 los hechos. Seg\u00fan ha explicado, el asesinato se habr\u00eda producido la noche del mi\u00e9rcoles de la pasada semana en el propio inmueble.<\/p>\n<p>La v\u00edctima, una mujer de 60 a\u00f1os de edad, era una conocida del presunto homicida que, al parecer, acud\u00eda ocasionalmente a la vivienda y, seg\u00fan el testimonio del presunto homicida, tras golpearla con una maceta, ocasion\u00e1ndole la muerte, habr\u00eda decidido descuartizar el cuerpo, cort\u00e1ndolo con una sierra, para deshacerse despu\u00e9s de los restos mortales arroj\u00e1ndolos al r\u00edo Zadorra.<\/p>\n<p>A lo largo de la jornada de este pasado martes, se localizaron en el r\u00edo los restos de cad\u00e1ver de la mujer y se dio por finalizada la b\u00fasqueda, mientras que un Juzgado de Vitoria decretaba el secreto de sumario. El detenido compareci\u00f3 a primera hora de la tarde ante un juzgado de Vitoria, cuyo titular orden\u00f3 su ingreso en prisi\u00f3n.<\/p>\n","protected":false},"excerpt":{"rendered":"<p>El hombre de 43 a\u00f1os detenido como presunto autor de la muerte de una mujer de 60, a la que posteriormente descuartiz\u00f3 y cuyos restos mortales fueron arrojados al r\u00edo Zadorra en Vitoria,ingres\u00f3 este mi\u00e9rcoles por la tarde en prisi\u00f3n por orden del juez, seg\u00fan ha informado a Europa Press el Departamento vasco de Seguridad. [&hellip;]<\/p>\n","protected":false},"author":3,"featured_media":53166,"comment_status":"open","ping_status":"open","sticky":false,"template":"","format":"standard","meta":{"footnotes":""},"categories":[85],"tags":[],"class_list":["post-53165","post","type-post","status-publish","format-standard","has-post-thumbnail","hentry","category-espana"],"_links":{"self":[{"href":"https:\/\/2horizontes.com\/index.php?rest_route=\/wp\/v2\/posts\/53165","targetHints":{"allow":["GET"]}}],"collection":[{"href":"https:\/\/2horizontes.com\/index.php?rest_route=\/wp\/v2\/posts"}],"about":[{"href":"https:\/\/2horizontes.com\/index.php?rest_route=\/wp\/v2\/types\/post"}],"author":[{"embeddable":true,"href":"https:\/\/2horizontes.com\/index.php?rest_route=\/wp\/v2\/users\/3"}],"replies":[{"embeddable":true,"href":"https:\/\/2horizontes.com\/index.php?rest_route=%2Fwp%2Fv2%2Fcomments&post=53165"}],"version-history":[{"count":1,"href":"https:\/\/2horizontes.com\/index.php?rest_route=\/wp\/v2\/posts\/53165\/revisions"}],"predecessor-version":[{"id":53167,"href":"https:\/\/2horizontes.com\/index.php?rest_route=\/wp\/v2\/posts\/53165\/revisions\/53167"}],"wp:featuredmedia":[{"embeddable":true,"href":"https:\/\/2horizontes.com\/index.php?rest_route=\/wp\/v2\/media\/53166"}],"wp:attachment":[{"href":"https:\/\/2horizontes.com\/index.php?rest_route=%2Fwp%2Fv2%2Fmedia&parent=53165"}],"wp:term":[{"taxonomy":"category","embeddable":true,"href":"https:\/\/2horizontes.com\/index.php?rest_route=%2Fwp%2Fv2%2Fcategories&post=53165"},{"taxonomy":"post_tag","embeddable":true,"href":"https:\/\/2horizontes.com\/index.php?rest_route=%2Fwp%2Fv2%2Ftags&post=53165"}],"curies":[{"name":"wp","href":"https:\/\/api.w.org\/{rel}","templated":true}]}}