{"id":53162,"date":"2016-06-23T12:03:36","date_gmt":"2016-06-23T11:03:36","guid":{"rendered":"http:\/\/2horizontes.com\/?p=53162"},"modified":"2016-06-23T12:03:36","modified_gmt":"2016-06-23T11:03:36","slug":"bicimad-contara-con-468-bicis-mas-en-2017","status":"publish","type":"post","link":"https:\/\/2horizontes.com\/?p=53162","title":{"rendered":"Bicimad contar\u00e1 con 468 bicis m\u00e1s en 2017"},"content":{"rendered":"<p>El Ayuntamiento de Madrid sumar\u00e1 otras 468 bicicletas al servicio de alquiler Bicimad en el a\u00f1o 2017, de manera que la capital tendr\u00e1 casi 2.500 bicis tras esta ampliaci\u00f3n.<\/p>\n<p>La delegada madrile\u00f1a de Medio Ambiente y Movilidad, In\u00e9s Saban\u00e9s, ha hecho este anuncio en la comisi\u00f3n del ramo en respuesta a una pregunta, donde ha precisado que esa ampliaci\u00f3n en el n\u00famero de bicicletas es el l\u00edmite m\u00e1ximo anual previsto en el pliego firmado por el anterior equipo de Gobierno.<\/p>\n<p>El Pleno del Ayuntamiento de Madrid aprob\u00f3 el 30 de marzo por unanimidad ampliar el servicio p\u00fablico de alquiler de bicicletas -Bicimad- a toda la ciudad e incluirlo en el abono de transportes de la Comunidad de Madrid, as\u00ed como promover el uso de este medio de transporte y la seguridad de los ciclistas.<\/p>\n<p>La propuesta -presentada inicialmente por el PP y acordada despu\u00e9s con el resto de grupos- ped\u00eda adem\u00e1s favorecer la implantaci\u00f3n prioritaria de estaciones en las proximidades de intercambiadores de transporte p\u00fablico y realizar un estudio sobre el uso de la bici en la ciudad y un mapa de \u201cpuntos negros\u201d antes del 30 de junio.<\/p>\n<p>Saban\u00e9s ha dicho hoy que, para poner en marcha la aplicaci\u00f3n de las medidas aprobadas por el Pleno, tiene previsto hacer un estudio t\u00e9cnico sobre el \u00e1mbito geogr\u00e1fico donde implantar la ampliaci\u00f3n del servicio y la ubicaci\u00f3n de las estaciones.<\/p>\n<p>Adem\u00e1s, el Ayuntamiento de Madrid llevar\u00e1 el sistema de alquiler de bicicletas Bicimad al nuevo campus que Google inaugura en la calle Mazarredo, por lo que se ubicar\u00e1n dos nuevas estaciones en las cercanas calles de Bail\u00e9n y Segovia.<\/p>\n<p>La delegada de Medio Ambiente y Movilidad ha dicho hoy que se instalar\u00e1n dos estaciones en la calle Segovia, una bajo el viaducto de la calle Bail\u00e9n que podr\u00eda estar en funcionamiento esta misma semana y otra en la calle Segovia 41.<\/p>\n<p>Estas dos estaciones sustituir\u00e1n a las dos estaciones que el Ayuntamiento de Madrid tuvo que quitar de la entrada del Museo del Prado por quejas de la direcci\u00f3n y de la entrada al Retiro por la zona del Florida Park con motivo de las obras en el recinto.<\/p>\n<p>Saban\u00e9s ha recordado que el servicio p\u00fablico de bicicleta BiciMad se inici\u00f3, de acuerdo con los t\u00e9rminos del Contrato Integral de Movilidad, con 1560 bicicletas, a las que se a\u00f1adieron 468 como consecuencia de la modificaci\u00f3n del contrato en mayo de 2015.<\/p>\n","protected":false},"excerpt":{"rendered":"<p>El Ayuntamiento de Madrid sumar\u00e1 otras 468 bicicletas al servicio de alquiler Bicimad en el a\u00f1o 2017, de manera que la capital tendr\u00e1 casi 2.500 bicis tras esta ampliaci\u00f3n. La delegada madrile\u00f1a de Medio Ambiente y Movilidad, In\u00e9s Saban\u00e9s, ha hecho este anuncio en la comisi\u00f3n del ramo en respuesta a una pregunta, donde ha [&hellip;]<\/p>\n","protected":false},"author":3,"featured_media":53163,"comment_status":"open","ping_status":"open","sticky":false,"template":"","format":"standard","meta":{"footnotes":""},"categories":[85],"tags":[],"class_list":["post-53162","post","type-post","status-publish","format-standard","has-post-thumbnail","hentry","category-espana"],"_links":{"self":[{"href":"https:\/\/2horizontes.com\/index.php?rest_route=\/wp\/v2\/posts\/53162","targetHints":{"allow":["GET"]}}],"collection":[{"href":"https:\/\/2horizontes.com\/index.php?rest_route=\/wp\/v2\/posts"}],"about":[{"href":"https:\/\/2horizontes.com\/index.php?rest_route=\/wp\/v2\/types\/post"}],"author":[{"embeddable":true,"href":"https:\/\/2horizontes.com\/index.php?rest_route=\/wp\/v2\/users\/3"}],"replies":[{"embeddable":true,"href":"https:\/\/2horizontes.com\/index.php?rest_route=%2Fwp%2Fv2%2Fcomments&post=53162"}],"version-history":[{"count":1,"href":"https:\/\/2horizontes.com\/index.php?rest_route=\/wp\/v2\/posts\/53162\/revisions"}],"predecessor-version":[{"id":53164,"href":"https:\/\/2horizontes.com\/index.php?rest_route=\/wp\/v2\/posts\/53162\/revisions\/53164"}],"wp:featuredmedia":[{"embeddable":true,"href":"https:\/\/2horizontes.com\/index.php?rest_route=\/wp\/v2\/media\/53163"}],"wp:attachment":[{"href":"https:\/\/2horizontes.com\/index.php?rest_route=%2Fwp%2Fv2%2Fmedia&parent=53162"}],"wp:term":[{"taxonomy":"category","embeddable":true,"href":"https:\/\/2horizontes.com\/index.php?rest_route=%2Fwp%2Fv2%2Fcategories&post=53162"},{"taxonomy":"post_tag","embeddable":true,"href":"https:\/\/2horizontes.com\/index.php?rest_route=%2Fwp%2Fv2%2Ftags&post=53162"}],"curies":[{"name":"wp","href":"https:\/\/api.w.org\/{rel}","templated":true}]}}