{"id":53139,"date":"2016-06-22T17:26:30","date_gmt":"2016-06-22T16:26:30","guid":{"rendered":"http:\/\/2horizontes.com\/?p=53139"},"modified":"2016-06-22T17:26:30","modified_gmt":"2016-06-22T16:26:30","slug":"reflexiones-2horizontes-48","status":"publish","type":"post","link":"https:\/\/2horizontes.com\/?p=53139","title":{"rendered":"Reflexiones 2Horizontes"},"content":{"rendered":"<p>Por. Alfredo Mella<\/p>\n<p>Si le crees a Dios, comparte con tus amistades el mensaje de hoy, mi\u00e9rcoles 22 de Junio 2016. (PLEGARIA PIDIENDO PROTECCI\u00d3N) Escucha, oh Jehov\u00e1; mis palabras; <span class=\"text_exposed_show\">Considera mi gemir. Est\u00e1 atento a la voz de mi clamor. Rey m\u00edo y Dios m\u00edo, Porque a ti orare. Oh Jehov\u00e1, de ma\u00f1ana oir\u00e1s mi voz; De ma\u00f1ana me presentar\u00e9 delante de ti, y esperar\u00e9. Porque t\u00fa no eres un Dios que d\u00e9 complace en la maldad; El malo no habitara junto a ti. <\/span><\/p>\n<p><span class=\"text_exposed_show\">Los insensatos no estar\u00e1n delante de tus ojos; Aborreces a todos los que hacen iniquidad. Destruir\u00e1s a los que hablan mentira; Al hombre sanguinario y enga\u00f1ador abominara Jehov\u00e1. SALMOS 5:1-2-3-4-5-6, Cristo viene pronto y el te ama, muri\u00f3 en la Cruz por ti y por mi, Dios te bendiga siempre y a tus seres queridos, buenos d\u00edas.<\/span><\/p>\n","protected":false},"excerpt":{"rendered":"<p>Por. Alfredo Mella Si le crees a Dios, comparte con tus amistades el mensaje de hoy, mi\u00e9rcoles 22 de Junio 2016. (PLEGARIA PIDIENDO PROTECCI\u00d3N) Escucha, oh Jehov\u00e1; mis palabras; Considera mi gemir. Est\u00e1 atento a la voz de mi clamor. Rey m\u00edo y Dios m\u00edo, Porque a ti orare. Oh Jehov\u00e1, de ma\u00f1ana oir\u00e1s mi [&hellip;]<\/p>\n","protected":false},"author":7,"featured_media":53014,"comment_status":"open","ping_status":"open","sticky":false,"template":"","format":"standard","meta":{"footnotes":""},"categories":[46,82],"tags":[],"class_list":["post-53139","post","type-post","status-publish","format-standard","has-post-thumbnail","hentry","category-dominicanos-en-madrid","category-opinion"],"_links":{"self":[{"href":"https:\/\/2horizontes.com\/index.php?rest_route=\/wp\/v2\/posts\/53139","targetHints":{"allow":["GET"]}}],"collection":[{"href":"https:\/\/2horizontes.com\/index.php?rest_route=\/wp\/v2\/posts"}],"about":[{"href":"https:\/\/2horizontes.com\/index.php?rest_route=\/wp\/v2\/types\/post"}],"author":[{"embeddable":true,"href":"https:\/\/2horizontes.com\/index.php?rest_route=\/wp\/v2\/users\/7"}],"replies":[{"embeddable":true,"href":"https:\/\/2horizontes.com\/index.php?rest_route=%2Fwp%2Fv2%2Fcomments&post=53139"}],"version-history":[{"count":1,"href":"https:\/\/2horizontes.com\/index.php?rest_route=\/wp\/v2\/posts\/53139\/revisions"}],"predecessor-version":[{"id":53140,"href":"https:\/\/2horizontes.com\/index.php?rest_route=\/wp\/v2\/posts\/53139\/revisions\/53140"}],"wp:featuredmedia":[{"embeddable":true,"href":"https:\/\/2horizontes.com\/index.php?rest_route=\/wp\/v2\/media\/53014"}],"wp:attachment":[{"href":"https:\/\/2horizontes.com\/index.php?rest_route=%2Fwp%2Fv2%2Fmedia&parent=53139"}],"wp:term":[{"taxonomy":"category","embeddable":true,"href":"https:\/\/2horizontes.com\/index.php?rest_route=%2Fwp%2Fv2%2Fcategories&post=53139"},{"taxonomy":"post_tag","embeddable":true,"href":"https:\/\/2horizontes.com\/index.php?rest_route=%2Fwp%2Fv2%2Ftags&post=53139"}],"curies":[{"name":"wp","href":"https:\/\/api.w.org\/{rel}","templated":true}]}}