{"id":53130,"date":"2016-06-22T12:01:04","date_gmt":"2016-06-22T11:01:04","guid":{"rendered":"http:\/\/2horizontes.com\/?p=53130"},"modified":"2016-06-22T12:01:04","modified_gmt":"2016-06-22T11:01:04","slug":"prohibida-la-manifestacion-de-manana-en-paris-contra-la-reforma-laboral","status":"publish","type":"post","link":"https:\/\/2horizontes.com\/?p=53130","title":{"rendered":"Prohibida la manifestaci\u00f3n de ma\u00f1ana en Par\u00eds contra la reforma laboral"},"content":{"rendered":"<p>La prefectura de polic\u00eda de Par\u00eds anunci\u00f3 hoy que ha prohibido la manifestaci\u00f3n convocada para ma\u00f1ana en la ciudad por los sindicatos contrarios a la reforma laboral, con el argumento de evitar perturbaciones del orden p\u00fablico como las ocurridas el pasado d\u00eda 14.<\/p>\n<p>En un comunicado, la prefectura justific\u00f3 la prohibici\u00f3n del primer itinerario de desfile que hab\u00edan propuesto las seis organizaciones convocantes, pero tambi\u00e9n los alternativos que dieron esos mismos sindicatos cuando el Ejecutivo advirti\u00f3 que se planteaba impedirlo alegando razones de seguridad.<\/p>\n<p>\u201cEsas propuestas alternativas no permiten de ninguna manera responder a la necesaria seguridad de las personas y de los bienes, ni a las exigencias de movilizaci\u00f3n m\u00e1xima de las fuerzas policiales (&#8230;) contra la amenaza terrorista que est\u00e1 a un nivel elevado e impone unas solicitaciones excepcionales en todo el territorio\u201d, seg\u00fan su argumentaci\u00f3n.<\/p>\n<p>La prefectura record\u00f3 que el ministro del Interior, Bernard Cazeneuve, hab\u00eda dado como alternativa el pasado lunes una concentraci\u00f3n, se\u00f1alando que as\u00ed no hubieran hecho falta tantos efectivos policiales.<\/p>\n<p>Una alternativa que las centrales rechazaron al indicar que una concentraci\u00f3n no supon\u00eda un riesgo inferior de incidentes violentos, y tambi\u00e9n porque consideran que el derecho de manifestaci\u00f3n es b\u00e1sico en democracia.<\/p>\n<p>El primer ministro, Manuel Valls, fue el m\u00e1s beligerante contra una nueva manifestaci\u00f3n en Par\u00eds desde la semana pasada, desde pocas horas despu\u00e9s del desfile del d\u00eda 14, en el que hubo disturbios que concluyeron con 58 personas arrestadas, 29 polic\u00edas y 11 manifestantes heridos y numerosos da\u00f1os materiales, incluso en un hospital.<\/p>\n<p>En una primera reacci\u00f3n a la prohibici\u00f3n, Gabriel Gaudy, responsable de Fuerza Obrera (FO), uno de los sindicatos convocantes de la manifestaci\u00f3n, indic\u00f3 que manten\u00edan su llamamiento al desfile y dijo que iban a \u201casumir sus responsabilidades\u201d.<\/p>\n<p>Los secretarios generales de la Confederaci\u00f3n General del Trabajo (CGT), Philippe Mart\u00ednez, y de Fuerza Obrera (FO), Jean-Claude Mailly, han pedido una reuni\u00f3n urgente con Cazeneuve para abordar la cuesti\u00f3n. Otras manifestaciones en otras ciudades de Francia contra la reforma laboral que se organizan ma\u00f1ana no han sido prohibidas.<\/p>\n","protected":false},"excerpt":{"rendered":"<p>La prefectura de polic\u00eda de Par\u00eds anunci\u00f3 hoy que ha prohibido la manifestaci\u00f3n convocada para ma\u00f1ana en la ciudad por los sindicatos contrarios a la reforma laboral, con el argumento de evitar perturbaciones del orden p\u00fablico como las ocurridas el pasado d\u00eda 14. En un comunicado, la prefectura justific\u00f3 la prohibici\u00f3n del primer itinerario de [&hellip;]<\/p>\n","protected":false},"author":3,"featured_media":53131,"comment_status":"open","ping_status":"open","sticky":false,"template":"","format":"standard","meta":{"footnotes":""},"categories":[40],"tags":[],"class_list":["post-53130","post","type-post","status-publish","format-standard","has-post-thumbnail","hentry","category-internacionales"],"_links":{"self":[{"href":"https:\/\/2horizontes.com\/index.php?rest_route=\/wp\/v2\/posts\/53130","targetHints":{"allow":["GET"]}}],"collection":[{"href":"https:\/\/2horizontes.com\/index.php?rest_route=\/wp\/v2\/posts"}],"about":[{"href":"https:\/\/2horizontes.com\/index.php?rest_route=\/wp\/v2\/types\/post"}],"author":[{"embeddable":true,"href":"https:\/\/2horizontes.com\/index.php?rest_route=\/wp\/v2\/users\/3"}],"replies":[{"embeddable":true,"href":"https:\/\/2horizontes.com\/index.php?rest_route=%2Fwp%2Fv2%2Fcomments&post=53130"}],"version-history":[{"count":1,"href":"https:\/\/2horizontes.com\/index.php?rest_route=\/wp\/v2\/posts\/53130\/revisions"}],"predecessor-version":[{"id":53132,"href":"https:\/\/2horizontes.com\/index.php?rest_route=\/wp\/v2\/posts\/53130\/revisions\/53132"}],"wp:featuredmedia":[{"embeddable":true,"href":"https:\/\/2horizontes.com\/index.php?rest_route=\/wp\/v2\/media\/53131"}],"wp:attachment":[{"href":"https:\/\/2horizontes.com\/index.php?rest_route=%2Fwp%2Fv2%2Fmedia&parent=53130"}],"wp:term":[{"taxonomy":"category","embeddable":true,"href":"https:\/\/2horizontes.com\/index.php?rest_route=%2Fwp%2Fv2%2Fcategories&post=53130"},{"taxonomy":"post_tag","embeddable":true,"href":"https:\/\/2horizontes.com\/index.php?rest_route=%2Fwp%2Fv2%2Ftags&post=53130"}],"curies":[{"name":"wp","href":"https:\/\/api.w.org\/{rel}","templated":true}]}}