{"id":53127,"date":"2016-06-22T11:58:05","date_gmt":"2016-06-22T10:58:05","guid":{"rendered":"http:\/\/2horizontes.com\/?p=53127"},"modified":"2016-06-22T11:58:05","modified_gmt":"2016-06-22T10:58:05","slug":"el-rapero-hasel-asegura-que-la-an-le-imputa-comentarios-contra-la-monarquia-y-la-policia","status":"publish","type":"post","link":"https:\/\/2horizontes.com\/?p=53127","title":{"rendered":"El rapero Hasel asegura que la AN le imputa comentarios contra la monarqu\u00eda y la polic\u00eda"},"content":{"rendered":"<p>El rapero Pablo Hasel, tras ser detenido y quedar en libertad con cargos por agresiones a periodistas en la Universitat de Lleida, ha afirmado que los Mossos d&#8217;Esquadra le aseguraron que ten\u00edan que tomarle declaraci\u00f3n por orden de la Audiencia Nacional (AN) \u00abpor comentarios contra la monarqu\u00eda y por denunciar torturas y asesinatos a manos de la polic\u00eda\u00bb.<\/p>\n<p>Hasel ha explicado que los Mossos aludieron a la gran cantidad de seguidores que tiene en las redes sociales, \u00abcomo si eso aumentara la gravedad del delito\u00bb, ha dicho en un apunte en Twitter recogido por Europa Press.<\/p>\n<p>El rapero fue condenado en 2014 por la Audiencia a dos a\u00f1os de prisi\u00f3n por enaltecimiento del terrorismo por pedir en sus canciones el asesinato de pol\u00edticos.<\/p>\n<p>Sobre lo ocurrido en la UdL, ha se\u00f1alado: \u00abEntraron los periodistas empujando con agresividad para grabarnos y ante su acoso, se les pidi\u00f3 por las buenas que pararan. Como siguieron, se respondi\u00f3 con cuatro leves empujones y lanzando un poco de agua a las c\u00e1maras\u00bb.<\/p>\n<p>\u00abUna vez m\u00e1s, la polic\u00eda me hace el culpable de absolutamente todo lo sucedido. No sorprende cuando hace poco me multaron con 500 euros acusado de organizar una manifestaci\u00f3n anarquista a la que acud\u00ed como solidario por los detenidos de la operaci\u00f3n Pandora\u00bb, ha subrayado.<\/p>\n","protected":false},"excerpt":{"rendered":"<p>El rapero Pablo Hasel, tras ser detenido y quedar en libertad con cargos por agresiones a periodistas en la Universitat de Lleida, ha afirmado que los Mossos d&#8217;Esquadra le aseguraron que ten\u00edan que tomarle declaraci\u00f3n por orden de la Audiencia Nacional (AN) \u00abpor comentarios contra la monarqu\u00eda y por denunciar torturas y asesinatos a manos [&hellip;]<\/p>\n","protected":false},"author":3,"featured_media":53128,"comment_status":"open","ping_status":"open","sticky":false,"template":"","format":"standard","meta":{"footnotes":""},"categories":[85],"tags":[],"class_list":["post-53127","post","type-post","status-publish","format-standard","has-post-thumbnail","hentry","category-espana"],"_links":{"self":[{"href":"https:\/\/2horizontes.com\/index.php?rest_route=\/wp\/v2\/posts\/53127","targetHints":{"allow":["GET"]}}],"collection":[{"href":"https:\/\/2horizontes.com\/index.php?rest_route=\/wp\/v2\/posts"}],"about":[{"href":"https:\/\/2horizontes.com\/index.php?rest_route=\/wp\/v2\/types\/post"}],"author":[{"embeddable":true,"href":"https:\/\/2horizontes.com\/index.php?rest_route=\/wp\/v2\/users\/3"}],"replies":[{"embeddable":true,"href":"https:\/\/2horizontes.com\/index.php?rest_route=%2Fwp%2Fv2%2Fcomments&post=53127"}],"version-history":[{"count":1,"href":"https:\/\/2horizontes.com\/index.php?rest_route=\/wp\/v2\/posts\/53127\/revisions"}],"predecessor-version":[{"id":53129,"href":"https:\/\/2horizontes.com\/index.php?rest_route=\/wp\/v2\/posts\/53127\/revisions\/53129"}],"wp:featuredmedia":[{"embeddable":true,"href":"https:\/\/2horizontes.com\/index.php?rest_route=\/wp\/v2\/media\/53128"}],"wp:attachment":[{"href":"https:\/\/2horizontes.com\/index.php?rest_route=%2Fwp%2Fv2%2Fmedia&parent=53127"}],"wp:term":[{"taxonomy":"category","embeddable":true,"href":"https:\/\/2horizontes.com\/index.php?rest_route=%2Fwp%2Fv2%2Fcategories&post=53127"},{"taxonomy":"post_tag","embeddable":true,"href":"https:\/\/2horizontes.com\/index.php?rest_route=%2Fwp%2Fv2%2Ftags&post=53127"}],"curies":[{"name":"wp","href":"https:\/\/api.w.org\/{rel}","templated":true}]}}