{"id":53109,"date":"2016-06-22T11:32:29","date_gmt":"2016-06-22T10:32:29","guid":{"rendered":"http:\/\/2horizontes.com\/?p=53109"},"modified":"2016-06-22T11:32:29","modified_gmt":"2016-06-22T10:32:29","slug":"sanchez-iglesias-y-rivera-piden-la-dimision-inmediata-de-fernandez-diaz","status":"publish","type":"post","link":"https:\/\/2horizontes.com\/?p=53109","title":{"rendered":"S\u00e1nchez, Iglesias y Rivera piden la dimisi\u00f3n inmediata de Fern\u00e1ndez D\u00edaz"},"content":{"rendered":"<p>La reacci\u00f3n de los tres principales candidatos que disputan con Rajoy las elecciones del 26J acerca de la grabaci\u00f3n filtrada entre el ministro Fern\u00e1ndez D\u00edaz y el director de la Oficina Antifrau de Catalunya, no se ha hecho esperar. Pedro S\u00e1nchez, Pablo Iglesias y Albert Rivera han coincidido en pedir la dimisi\u00f3n del responsable de Interior al considerar la gravedad de la trama en la que ambos buscaban esc\u00e1ndalos contra ERC y CDC.<\/p>\n<p>El secretario general del PSOE ha pedido a Fern\u00e1ndez D\u00edaz que \u201cabandone la vida pol\u00edtica\u201d y ha aprovechado para avisar de que no se puede pasar de \u201cuna Polic\u00eda a sueldo\u201d del actual ministro a otra \u201ca sueldo\u201d de Podemos. S\u00e1nchez ha defendido que Fern\u00e1ndez D\u00edaz debi\u00f3 haber dimitido ya cuando se supo que tuvo, el verano pasado, una \u201creuni\u00f3n secreta\u201d en su despacho con el exvicepresidente del Gobierno Rodrigo Rato, investigado por la fusi\u00f3n y salida a Bolsa de Bankia y por su patrimonio personal.<\/p>\n<p>Un ministro del Interior no se puede reunir con un imputado y ahora no tiene m\u00e1s justificaci\u00f3n para seguir en el cargo\u201d, ha dicho en una entrevista en la Cadena Cope.<\/p>\n<p>El l\u00edder socialista ha admitido que habr\u00e1 que investigar el origen de esa \u201cdesgraciada\u201d grabaci\u00f3n pero ha dejado claro que esta \u201csupuesta instrumentalizaci\u00f3n de las instituciones de todos es una raz\u00f3n de peso para que el 26 de junio haya un cambio\u201d, pero ha pedido \u201cun cambio que sume, no que reste.<\/p>\n<p>Es decir, un cambio que no suponga \u201cpasar de la Polic\u00eda a sueldo de Fern\u00e1ndez D\u00edaz y Mariano Rajoy a la Polic\u00eda a sueldo de Pablo Iglesias y Juan Carlos Monedero\u201d, ha dicho, aprovechando para reprochar al l\u00edder de Podemos que le pidiese una vicepresidencia del Gobierno con funciones de lucha contra la corrupci\u00f3n, incluida la \u201cespecializaci\u00f3n y coordinaci\u00f3n\u201d de polic\u00edas, fiscales, jueces y \u00f3rganos fiscalizadores de la Administraci\u00f3n.<\/p>\n<p>En todo caso, ha recalcado que solamente plantear \u201cque se pueda investigar a una opci\u00f3n pol\u00edtica con el aparato del Estado es un error\u201d, porque es una \u201cinstrumentalizaci\u00f3n partidaria\u201d las instituciones de todos y porque \u201ca los independentistas hay que ganarlos con argumentos y no con persecuciones\u201d.<\/p>\n<p>S\u00e1nchez ha recalcado que una cosa son las ideolog\u00edas y otra los delitos, y ha dejado claro que los jueces, los fiscales y los polic\u00edas est\u00e1n para investigar delitos. Tambi\u00e9n ha recordado que, para ello, los gobiernos del PSOE crearon la Unidad de Delitos Econ\u00f3micos y Financieros (UDEF) y fiscal\u00edas anticorrupci\u00f3n en muchos territorios que han destapado graves casos de corrupci\u00f3n como \u2018Malaya\u2019 o \u2018Mercasevilla\u2019.<\/p>\n<p>Preguntado si el exministro socialista de Interior Alfredo P\u00e9rez Rubalcaba no mantuvo reuniones con otros responsables de combatir la corrupci\u00f3n ha replicado que no es equiparable, que fue un \u201cextraordinario\u201d ministro y que en ning\u00fan momento se utiliz\u00f3 \u201cuna instituci\u00f3n p\u00fablica para da\u00f1ar a un adversario pol\u00edtico, que es lo que est\u00e1 intentando Fern\u00e1ndez D\u00edaz\u201d.<\/p>\n<p>Por su parte, el l\u00edder de Podemos, Pablo Iglesias, cree que las conversaciones que se han publicado entre el ministro del Interior y Daniel de Alfonso, tienen la \u201csuficiente gravedad como para que haya dimisiones inmediatas\u201d. Iglesias ha comentado que \u201cdeber\u00eda merecer dimisiones inmediatas y m\u00e1s atenci\u00f3n, porque es de las cosas m\u00e1s graves que han ocurrido en nuestro pa\u00eds\u201d, ha opinado.<\/p>\n<p>El l\u00edder de Ciudadanos, Albert Rivera, tambi\u00e9n ha reclamado la dimisi\u00f3n inmediata del ministro del Interior y del director de la Oficina Antifrau si son ciertas las grabaciones. \u201dSi las personas que est\u00e1n en la conversaci\u00f3n son ellos deben dimitir ambos, es impropio de una democracia y menos de un ministro del Interior utilizar a la Polic\u00eda para atacar a la oposici\u00f3n\u201d, ha denunciado en una entrevista en Onda Cero.<\/p>\n<p>El presidente de Ciudadanos ha pedido a su grupo parlamentario que explore si hay alg\u00fan resquicio parlamentario para que Fern\u00e1ndez D\u00edaz o el propio Rajoy comparezcan en el Congreso sobre este asunto. \u201dPara que los ciudadanos recuperen la confianza en la pol\u00edtica tienen que tener confianza en los pol\u00edticos\u201d, ha advertido Rivera, que ha acusado tambi\u00e9n al ministro de Hacienda, Crist\u00f3bal Montoro, de haber utilizado documentaci\u00f3n de su ministerio para \u201camedrentar\u201d a medios de comunicaci\u00f3n.<\/p>\n","protected":false},"excerpt":{"rendered":"<p>La reacci\u00f3n de los tres principales candidatos que disputan con Rajoy las elecciones del 26J acerca de la grabaci\u00f3n filtrada entre el ministro Fern\u00e1ndez D\u00edaz y el director de la Oficina Antifrau de Catalunya, no se ha hecho esperar. Pedro S\u00e1nchez, Pablo Iglesias y Albert Rivera han coincidido en pedir la dimisi\u00f3n del responsable de [&hellip;]<\/p>\n","protected":false},"author":3,"featured_media":53110,"comment_status":"open","ping_status":"open","sticky":false,"template":"","format":"standard","meta":{"footnotes":""},"categories":[85,43],"tags":[],"class_list":["post-53109","post","type-post","status-publish","format-standard","has-post-thumbnail","hentry","category-espana","category-politica"],"_links":{"self":[{"href":"https:\/\/2horizontes.com\/index.php?rest_route=\/wp\/v2\/posts\/53109","targetHints":{"allow":["GET"]}}],"collection":[{"href":"https:\/\/2horizontes.com\/index.php?rest_route=\/wp\/v2\/posts"}],"about":[{"href":"https:\/\/2horizontes.com\/index.php?rest_route=\/wp\/v2\/types\/post"}],"author":[{"embeddable":true,"href":"https:\/\/2horizontes.com\/index.php?rest_route=\/wp\/v2\/users\/3"}],"replies":[{"embeddable":true,"href":"https:\/\/2horizontes.com\/index.php?rest_route=%2Fwp%2Fv2%2Fcomments&post=53109"}],"version-history":[{"count":1,"href":"https:\/\/2horizontes.com\/index.php?rest_route=\/wp\/v2\/posts\/53109\/revisions"}],"predecessor-version":[{"id":53111,"href":"https:\/\/2horizontes.com\/index.php?rest_route=\/wp\/v2\/posts\/53109\/revisions\/53111"}],"wp:featuredmedia":[{"embeddable":true,"href":"https:\/\/2horizontes.com\/index.php?rest_route=\/wp\/v2\/media\/53110"}],"wp:attachment":[{"href":"https:\/\/2horizontes.com\/index.php?rest_route=%2Fwp%2Fv2%2Fmedia&parent=53109"}],"wp:term":[{"taxonomy":"category","embeddable":true,"href":"https:\/\/2horizontes.com\/index.php?rest_route=%2Fwp%2Fv2%2Fcategories&post=53109"},{"taxonomy":"post_tag","embeddable":true,"href":"https:\/\/2horizontes.com\/index.php?rest_route=%2Fwp%2Fv2%2Ftags&post=53109"}],"curies":[{"name":"wp","href":"https:\/\/api.w.org\/{rel}","templated":true}]}}