{"id":53105,"date":"2016-06-21T18:43:02","date_gmt":"2016-06-21T17:43:02","guid":{"rendered":"http:\/\/2horizontes.com\/?p=53105"},"modified":"2016-06-21T18:43:02","modified_gmt":"2016-06-21T17:43:02","slug":"reino-unido-celebra-el-jueves-referendum-decidira-permanencia-en-ue-campana-se-intensifica-tras-giro-en-encuestas","status":"publish","type":"post","link":"https:\/\/2horizontes.com\/?p=53105","title":{"rendered":"Reino Unido celebra el jueves refer\u00e9ndum decidir\u00e1 permanencia en UE; campa\u00f1a se intensifica tras giro en encuestas"},"content":{"rendered":"<div id=\"ArticleAuthorDiv\" class=\"article-body-author\"><b>EFE | Viviana Garc\u00eda<\/b><\/div>\n<div id=\"ArticleSourceDiv\" class=\"article-body-author\"><b>Londres<\/b><\/div>\n<div id=\"ArticleBody\">\n<p>La campa\u00f1a para el refer\u00e9ndum del jueves en el Reino Unido se intensific\u00f3 hoy con intervenciones del primer ministro, David Cameron, y el l\u00edder laborista, Jeremy Corbyn, y tras el giro que han dado las encuestas que apuntan a una eventual victoria de la permanencia en la Uni\u00f3n Europea (UE).<\/p>\n<p>Cameron dijo hoy que el Reino Unido \u00abamplifica su poder\u00bb como parte de la UE, en un mensaje a la naci\u00f3n en el que abog\u00f3 por la permanencia en el bloque comunitario.<\/p>\n<p>En un discurso a las puertas del 10 de Downing Street, su despacho oficial, record\u00f3 a los brit\u00e1nicos que la decisi\u00f3n que tomen en la consulta del 23 de junio es \u00abirreversible\u00bb e inst\u00f3 a \u00abno poner en riesgo\u00bb la estabilidad y la seguridad del pa\u00eds.<\/p>\n<p>La intervenci\u00f3n personal de Cameron se produce cuando el \u00faltimo sondeo de opini\u00f3n, realizado por la firma Survation, da la ventaja, pero por poco margen, a la opci\u00f3n de la continuidad, con un 45 % del apoyo frente a un 44 % favorable al \u00abbrexit\u00bb.<\/p>\n<p>Otra encuesta difundida horas antes por \u00abThe Daily Telegraph\u00bb daba la victoria a la permanencia con un 53 % de los votos, frente al 46 % que respaldaba la salida de la UE.<\/p>\n<p>La jornada del martes ha estado marcada tambi\u00e9n por el llamamiento de Corbyn a los seguidores laboristas para que voten por quedarse en el bloque durante su visita a Manchester, en el norte de Inglaterra.<\/p>\n<p>Despu\u00e9s de semanas en que casi no se escuch\u00f3 al pol\u00edtico izquierdista, Corbyn pidi\u00f3 a los votantes que respalden la Uni\u00f3n al advertir de que un posible triunfo del \u00abbrexit\u00bb puede arriesgar la econom\u00eda del Reino Unido y los derechos laborales.<\/p>\n<p>\u00abLas pr\u00f3ximas horas determinar\u00e1n el futuro del Reino Unido\u00bb, afirm\u00f3 el pol\u00edtico, que entr\u00f3 de lleno en la campa\u00f1a despu\u00e9s de una pausa por el asesinato la semana pasada de la diputada laborista Jo Cox, apu\u00f1alada y tiroteada en la calle en el norte de Inglaterra.<\/p>\n<p>\u00abEl 23 de junio afrontamos una opci\u00f3n. \u00bfNos quedamos para proteger los empleos y la prosperidad del Reino Unido que depende del comercio en Europa? \u00bfO damos un paso a un futuro desconocido si salimos?\u00bb, se pregunt\u00f3 el l\u00edder de la oposici\u00f3n.<\/p>\n<p>El respaldo de los laboristas es visto por el campo por la permanencia como crucial para ganar la consulta, dada las divisiones que hay en el Partido Conservador de Cameron, entre los que piden quedarse en la UE y los que respaldan el \u00abbrexit\u00bb, entre ellos el exalcalde de Londres Boris Johnson.<\/p>\n<p>Esta jornada estuvo protagonizada, adem\u00e1s, por el apoyo a la permanencia del financiero estadounidense de origen h\u00fangaro George Soros y el exjugador de f\u00fatbol David Beckham.<\/p>\n<p>Soros coincidi\u00f3 con Cameron en que un eventual \u00abbrexit\u00bb puede perjudicar la econom\u00eda y el empleo en el Reino Unido.<\/p>\n<p>En un art\u00edculo publicado hoy en el diario \u00abThe Guardian\u00bb, el influyente multimillonario se\u00f1al\u00f3 que la moneda brit\u00e1nica puede caer \u00abprecipitadamente\u00bb, al menos un 15 %, pero incluso m\u00e1s del 20 % frente al d\u00f3lar, si hay \u00abbrexit\u00bb.<\/p>\n<p>Soros es famoso por haber especulado en 1992 frente a la libra, algo que le report\u00f3 mucho dinero, pero provoc\u00f3 una fuerte ca\u00edda de la moneda que oblig\u00f3 al Gobierno conservador de entonces a retirarla del Mecanismo de Cambio del Sistema Monetario Europeo (SME).<\/p>\n<p>Por ahora, el avance del \u00abs\u00ed\u00bb a la UE en los \u00faltimos sondeos ha beneficiado a la libra esterlina, que, despu\u00e9s de revalorizarse un 3 % el lunes, continuaba hoy su ascenso para negociarse a su valor m\u00e1s alto frente al d\u00f3lar desde principios de a\u00f1o, de 1,478 d\u00f3lares.<\/p>\n<p>La Bolsa de Valores de Londres se manten\u00eda tambi\u00e9n al alza, tras disparar el lunes sus ganancias un 3 %, en l\u00ednea con los principales mercados europeos.<\/p>\n<p>La \u00abpermanencia\u00bb recibi\u00f3 hoy tambi\u00e9n el respaldo de Beckham, que pidi\u00f3 votar por la UE, porque vive en un \u00abmundo vibrante y conectado\u00bb.<\/p>\n<p>En un comunicado divulgado hoy, el deportista dijo que el Reino Unido es \u00abm\u00e1s fuerte\u00bb si permanece en el bloque y record\u00f3 los a\u00f1os que vivi\u00f3 en ciudades europeas como Madrid, Mil\u00e1n y Par\u00eds.<\/p>\n<\/div>\n","protected":false},"excerpt":{"rendered":"<p>EFE | Viviana Garc\u00eda Londres La campa\u00f1a para el refer\u00e9ndum del jueves en el Reino Unido se intensific\u00f3 hoy con intervenciones del primer ministro, David Cameron, y el l\u00edder laborista, Jeremy Corbyn, y tras el giro que han dado las encuestas que apuntan a una eventual victoria de la permanencia en la Uni\u00f3n Europea (UE). [&hellip;]<\/p>\n","protected":false},"author":7,"featured_media":53106,"comment_status":"open","ping_status":"open","sticky":false,"template":"","format":"standard","meta":{"footnotes":""},"categories":[86,40,43],"tags":[],"class_list":["post-53105","post","type-post","status-publish","format-standard","has-post-thumbnail","hentry","category-europa","category-internacionales","category-politica"],"_links":{"self":[{"href":"https:\/\/2horizontes.com\/index.php?rest_route=\/wp\/v2\/posts\/53105","targetHints":{"allow":["GET"]}}],"collection":[{"href":"https:\/\/2horizontes.com\/index.php?rest_route=\/wp\/v2\/posts"}],"about":[{"href":"https:\/\/2horizontes.com\/index.php?rest_route=\/wp\/v2\/types\/post"}],"author":[{"embeddable":true,"href":"https:\/\/2horizontes.com\/index.php?rest_route=\/wp\/v2\/users\/7"}],"replies":[{"embeddable":true,"href":"https:\/\/2horizontes.com\/index.php?rest_route=%2Fwp%2Fv2%2Fcomments&post=53105"}],"version-history":[{"count":1,"href":"https:\/\/2horizontes.com\/index.php?rest_route=\/wp\/v2\/posts\/53105\/revisions"}],"predecessor-version":[{"id":53107,"href":"https:\/\/2horizontes.com\/index.php?rest_route=\/wp\/v2\/posts\/53105\/revisions\/53107"}],"wp:featuredmedia":[{"embeddable":true,"href":"https:\/\/2horizontes.com\/index.php?rest_route=\/wp\/v2\/media\/53106"}],"wp:attachment":[{"href":"https:\/\/2horizontes.com\/index.php?rest_route=%2Fwp%2Fv2%2Fmedia&parent=53105"}],"wp:term":[{"taxonomy":"category","embeddable":true,"href":"https:\/\/2horizontes.com\/index.php?rest_route=%2Fwp%2Fv2%2Fcategories&post=53105"},{"taxonomy":"post_tag","embeddable":true,"href":"https:\/\/2horizontes.com\/index.php?rest_route=%2Fwp%2Fv2%2Ftags&post=53105"}],"curies":[{"name":"wp","href":"https:\/\/api.w.org\/{rel}","templated":true}]}}