{"id":53079,"date":"2016-06-21T18:16:28","date_gmt":"2016-06-21T17:16:28","guid":{"rendered":"http:\/\/2horizontes.com\/?p=53079"},"modified":"2016-06-21T18:16:28","modified_gmt":"2016-06-21T17:16:28","slug":"un-muerto-y-dos-heridos-deja-toma-de-rehenes-en-el-banco-central-de-venezuela","status":"publish","type":"post","link":"https:\/\/2horizontes.com\/?p=53079","title":{"rendered":"Un muerto y dos heridos deja toma de rehenes en el Banco Central de Venezuela"},"content":{"rendered":"<div id=\"ArticleAuthorDiv\" class=\"article-body-author\"><b>EFE<\/b><\/div>\n<div id=\"ArticleSourceDiv\" class=\"article-body-author\"><b>Caracas<\/b><\/div>\n<div id=\"ArticleBody\">\n<p>El Banco Central de Venezuela (BCV) fue escenario de una situaci\u00f3n de rehenes en su sede en Caracas por parte de un hombre que hiri\u00f3 a dos personas y muri\u00f3 al enfrentarse con las autoridades, inform\u00f3 el presidente de la entidad financiera, Nelson Merentes.<\/p>\n<p>\u00abEl sujeto entr\u00f3 disparando (&#8230;) ya todo est\u00e1 controlado, aparentemente fue una sola persona\u00bb, dijo Merentes a periodistas.<\/p>\n<p>El funcionario confirm\u00f3 que el atacante fue abatido por los cuerpos de seguridad y que antes hiri\u00f3 a dos guardas de seguridad.<\/p>\n<p>\u00abHiri\u00f3 a dos personas, a uno en un brazo a otro en la pierna\u00bb, agreg\u00f3 e indic\u00f3 que se trata de dos funcionarios de seguridad que ya fueron trasladados a una cl\u00ednica y que al parecer se encuentran fuera de peligro.<\/p>\n<p>El presidente del BVC dijo que el hombre ingres\u00f3 al edificio, pese a las medidas de seguridad, y subi\u00f3 por las escaleras con un arma hasta el quinto de los 26 pisos que conforman la estructura.<\/p>\n<p>\u00abSe est\u00e1 cumpliendo el proceso de investigaci\u00f3n (&#8230;) no sabemos de ning\u00fan motivo\u00bb, agreg\u00f3 tras se\u00f1alar que no puede adelantar hip\u00f3tesis acerca de por qu\u00e9 se produjo el hecho.<\/p>\n<p>Este ataque se produce en el marco de un escenario de tensi\u00f3n generalizada en el pa\u00eds que pasa por una severa crisis econ\u00f3mica, social y pol\u00edtica.<\/p>\n<\/div>\n","protected":false},"excerpt":{"rendered":"<p>EFE Caracas El Banco Central de Venezuela (BCV) fue escenario de una situaci\u00f3n de rehenes en su sede en Caracas por parte de un hombre que hiri\u00f3 a dos personas y muri\u00f3 al enfrentarse con las autoridades, inform\u00f3 el presidente de la entidad financiera, Nelson Merentes. \u00abEl sujeto entr\u00f3 disparando (&#8230;) ya todo est\u00e1 controlado, [&hellip;]<\/p>\n","protected":false},"author":7,"featured_media":53080,"comment_status":"open","ping_status":"open","sticky":false,"template":"","format":"standard","meta":{"footnotes":""},"categories":[40,48],"tags":[],"class_list":["post-53079","post","type-post","status-publish","format-standard","has-post-thumbnail","hentry","category-internacionales","category-venezuela"],"_links":{"self":[{"href":"https:\/\/2horizontes.com\/index.php?rest_route=\/wp\/v2\/posts\/53079","targetHints":{"allow":["GET"]}}],"collection":[{"href":"https:\/\/2horizontes.com\/index.php?rest_route=\/wp\/v2\/posts"}],"about":[{"href":"https:\/\/2horizontes.com\/index.php?rest_route=\/wp\/v2\/types\/post"}],"author":[{"embeddable":true,"href":"https:\/\/2horizontes.com\/index.php?rest_route=\/wp\/v2\/users\/7"}],"replies":[{"embeddable":true,"href":"https:\/\/2horizontes.com\/index.php?rest_route=%2Fwp%2Fv2%2Fcomments&post=53079"}],"version-history":[{"count":1,"href":"https:\/\/2horizontes.com\/index.php?rest_route=\/wp\/v2\/posts\/53079\/revisions"}],"predecessor-version":[{"id":53081,"href":"https:\/\/2horizontes.com\/index.php?rest_route=\/wp\/v2\/posts\/53079\/revisions\/53081"}],"wp:featuredmedia":[{"embeddable":true,"href":"https:\/\/2horizontes.com\/index.php?rest_route=\/wp\/v2\/media\/53080"}],"wp:attachment":[{"href":"https:\/\/2horizontes.com\/index.php?rest_route=%2Fwp%2Fv2%2Fmedia&parent=53079"}],"wp:term":[{"taxonomy":"category","embeddable":true,"href":"https:\/\/2horizontes.com\/index.php?rest_route=%2Fwp%2Fv2%2Fcategories&post=53079"},{"taxonomy":"post_tag","embeddable":true,"href":"https:\/\/2horizontes.com\/index.php?rest_route=%2Fwp%2Fv2%2Ftags&post=53079"}],"curies":[{"name":"wp","href":"https:\/\/api.w.org\/{rel}","templated":true}]}}