{"id":53072,"date":"2016-06-21T14:58:31","date_gmt":"2016-06-21T13:58:31","guid":{"rendered":"http:\/\/2horizontes.com\/?p=53072"},"modified":"2016-06-21T14:58:31","modified_gmt":"2016-06-21T13:58:31","slug":"la-lucha-de-david-delfin-vogue","status":"publish","type":"post","link":"https:\/\/2horizontes.com\/?p=53072","title":{"rendered":"La lucha de David Delf\u00edn Vogue"},"content":{"rendered":"<p>El dise\u00f1ador habla por 1\u00aa vez con Daniel Borr\u00e1s (redactor jefe de moda de Vogue Espa\u00f1a) de su batalla contra la enfermedad.<\/p>\n<p>Hay conversaciones que pueden cambiar el curso de una vida y no hablamos de la de los implicados, sino de la vuestra, lectores. David Delf\u00edn habla por primer vez en el n\u00famero de julio de Vogue Espa\u00f1a del dif\u00edcil momento que est\u00e1 atravesando y lo ha hecho en una conversaci\u00f3n intensa, positiva y llena de vida que ha mantenido con Daniel Borr\u00e1s \u2013redactor jefe de moda de Vogue Espa\u00f1a\u2013.<\/p>\n<p>David lleva un tatuaje en el brazo con el t\u00edtulo de una obra de Joseph Beuys: Muestra tu herida. Y precisamente esto es lo que ha hecho en las p\u00e1ginas de Vogue Espa\u00f1a. El dise\u00f1ador ha posado frente al objetivo de Pablo S\u00e1ez (su pareja) mostrando la suya, su herida, su cicatriz; y ha compartido estas \u00edntimas instant\u00e1neas para ilustrar unas declaraciones de una honestidad brutal, pero de una belleza pluscuamperfecta.<\/p>\n<p>Es grave, soy consciente. Y s\u00e9 que es una lucha real, son tumores de grado 3 que lo que quieren es seguir adelante&#8230; pero tenemos que pararlos\u00bb, confiesa el creador malague\u00f1o en esta entrevista exclusiva.<\/p>\n<p>El pasado mes de abril fue operado de tres tumores en la cabeza y ahora combina un tratamiento de quimioterapia y radioterapia, pero David afronta este dif\u00edcil momento con una fuerza desbordante y sabiendo apreciar la belleza del presente, de cada min\u00fasculo detalle que le rodea. Desde los paseos con su chico por los pasillos del hospital hasta los regalos y mensajes de sus amigos, pasando por la letra de Heroes de Bowie \u2013en la que un Delf\u00edn hace acto de presencia\u2013.<\/p>\n<p>No te pierdas la entrevista completa a David Delf\u00edn en el n\u00famero de julio de Vogue Espa\u00f1a \u2013a la venta desde este mismo martes, 21 de julio\u2013.<\/p>\n","protected":false},"excerpt":{"rendered":"<p>El dise\u00f1ador habla por 1\u00aa vez con Daniel Borr\u00e1s (redactor jefe de moda de Vogue Espa\u00f1a) de su batalla contra la enfermedad. Hay conversaciones que pueden cambiar el curso de una vida y no hablamos de la de los implicados, sino de la vuestra, lectores. David Delf\u00edn habla por primer vez en el n\u00famero de [&hellip;]<\/p>\n","protected":false},"author":3,"featured_media":53073,"comment_status":"open","ping_status":"open","sticky":false,"template":"","format":"standard","meta":{"footnotes":""},"categories":[1,85,52,57],"tags":[],"class_list":["post-53072","post","type-post","status-publish","format-standard","has-post-thumbnail","hentry","category-entretenimiento","category-espana","category-moda","category-mundo-gay"],"_links":{"self":[{"href":"https:\/\/2horizontes.com\/index.php?rest_route=\/wp\/v2\/posts\/53072","targetHints":{"allow":["GET"]}}],"collection":[{"href":"https:\/\/2horizontes.com\/index.php?rest_route=\/wp\/v2\/posts"}],"about":[{"href":"https:\/\/2horizontes.com\/index.php?rest_route=\/wp\/v2\/types\/post"}],"author":[{"embeddable":true,"href":"https:\/\/2horizontes.com\/index.php?rest_route=\/wp\/v2\/users\/3"}],"replies":[{"embeddable":true,"href":"https:\/\/2horizontes.com\/index.php?rest_route=%2Fwp%2Fv2%2Fcomments&post=53072"}],"version-history":[{"count":1,"href":"https:\/\/2horizontes.com\/index.php?rest_route=\/wp\/v2\/posts\/53072\/revisions"}],"predecessor-version":[{"id":53074,"href":"https:\/\/2horizontes.com\/index.php?rest_route=\/wp\/v2\/posts\/53072\/revisions\/53074"}],"wp:featuredmedia":[{"embeddable":true,"href":"https:\/\/2horizontes.com\/index.php?rest_route=\/wp\/v2\/media\/53073"}],"wp:attachment":[{"href":"https:\/\/2horizontes.com\/index.php?rest_route=%2Fwp%2Fv2%2Fmedia&parent=53072"}],"wp:term":[{"taxonomy":"category","embeddable":true,"href":"https:\/\/2horizontes.com\/index.php?rest_route=%2Fwp%2Fv2%2Fcategories&post=53072"},{"taxonomy":"post_tag","embeddable":true,"href":"https:\/\/2horizontes.com\/index.php?rest_route=%2Fwp%2Fv2%2Ftags&post=53072"}],"curies":[{"name":"wp","href":"https:\/\/api.w.org\/{rel}","templated":true}]}}