{"id":53062,"date":"2016-06-21T12:50:16","date_gmt":"2016-06-21T11:50:16","guid":{"rendered":"http:\/\/2horizontes.com\/?p=53062"},"modified":"2016-06-21T12:50:16","modified_gmt":"2016-06-21T11:50:16","slug":"madrid-adelantara-a-junio-las-recuperaciones-el-curso-2017-18","status":"publish","type":"post","link":"https:\/\/2horizontes.com\/?p=53062","title":{"rendered":"Madrid adelantar\u00e1 a junio las recuperaciones el curso 2017-18"},"content":{"rendered":"<p>La Comunidad de Madrid prev\u00e9 para el curso escolar 2017-2018 adelantar al mes de junio los ex\u00e1menes de recuperaci\u00f3n en ESO, Bachillerato y Formaci\u00f3n Profesional que se hacen en septiembre, con el objetivo de que los alumnos los afronten \u00abcon mayores garant\u00edas de \u00e9xito\u00bb y se respete el periodo vacacional.<\/p>\n<p>El anuncio lo ha hecho la presidenta regional, Cristina Cifuentes, en la rueda de prensa posterior a la reuni\u00f3n del Consejo de Gobierno que se ha celebrado en el palacio de Maudes, edificio del arquitecto Antonio Palacio que alberga la Consejer\u00eda de Transportes y que conmemora el primer centenario de su inauguraci\u00f3n por el rey Alfonso XIII.<\/p>\n<p>En la reuni\u00f3n, el Ejecutivo ha analizado la propuesta de adelantar a junio las recuperaciones de septiembre a fin de que los alumnos de Secundaria, Bachillerato y Formaci\u00f3n Profesional con materias pendientes puedan afrontar las evaluaciones \u00abcon mayores garant\u00edas de \u00e9xito y respetando el periodo vacacional\u00bb.<\/p>\n","protected":false},"excerpt":{"rendered":"<p>La Comunidad de Madrid prev\u00e9 para el curso escolar 2017-2018 adelantar al mes de junio los ex\u00e1menes de recuperaci\u00f3n en ESO, Bachillerato y Formaci\u00f3n Profesional que se hacen en septiembre, con el objetivo de que los alumnos los afronten \u00abcon mayores garant\u00edas de \u00e9xito\u00bb y se respete el periodo vacacional. El anuncio lo ha hecho [&hellip;]<\/p>\n","protected":false},"author":3,"featured_media":53063,"comment_status":"open","ping_status":"open","sticky":false,"template":"","format":"standard","meta":{"footnotes":""},"categories":[85],"tags":[],"class_list":["post-53062","post","type-post","status-publish","format-standard","has-post-thumbnail","hentry","category-espana"],"_links":{"self":[{"href":"https:\/\/2horizontes.com\/index.php?rest_route=\/wp\/v2\/posts\/53062","targetHints":{"allow":["GET"]}}],"collection":[{"href":"https:\/\/2horizontes.com\/index.php?rest_route=\/wp\/v2\/posts"}],"about":[{"href":"https:\/\/2horizontes.com\/index.php?rest_route=\/wp\/v2\/types\/post"}],"author":[{"embeddable":true,"href":"https:\/\/2horizontes.com\/index.php?rest_route=\/wp\/v2\/users\/3"}],"replies":[{"embeddable":true,"href":"https:\/\/2horizontes.com\/index.php?rest_route=%2Fwp%2Fv2%2Fcomments&post=53062"}],"version-history":[{"count":1,"href":"https:\/\/2horizontes.com\/index.php?rest_route=\/wp\/v2\/posts\/53062\/revisions"}],"predecessor-version":[{"id":53064,"href":"https:\/\/2horizontes.com\/index.php?rest_route=\/wp\/v2\/posts\/53062\/revisions\/53064"}],"wp:featuredmedia":[{"embeddable":true,"href":"https:\/\/2horizontes.com\/index.php?rest_route=\/wp\/v2\/media\/53063"}],"wp:attachment":[{"href":"https:\/\/2horizontes.com\/index.php?rest_route=%2Fwp%2Fv2%2Fmedia&parent=53062"}],"wp:term":[{"taxonomy":"category","embeddable":true,"href":"https:\/\/2horizontes.com\/index.php?rest_route=%2Fwp%2Fv2%2Fcategories&post=53062"},{"taxonomy":"post_tag","embeddable":true,"href":"https:\/\/2horizontes.com\/index.php?rest_route=%2Fwp%2Fv2%2Ftags&post=53062"}],"curies":[{"name":"wp","href":"https:\/\/api.w.org\/{rel}","templated":true}]}}