{"id":53041,"date":"2016-06-21T11:32:38","date_gmt":"2016-06-21T10:32:38","guid":{"rendered":"http:\/\/2horizontes.com\/?p=53041"},"modified":"2016-06-21T11:32:38","modified_gmt":"2016-06-21T10:32:38","slug":"detenido-un-traficante-de-drogas-que-poseia-diversas-armas-y-simbologia-nazi","status":"publish","type":"post","link":"https:\/\/2horizontes.com\/?p=53041","title":{"rendered":"Detenido un traficante de drogas que pose\u00eda diversas armas y simbolog\u00eda nazi"},"content":{"rendered":"<p>Los Mossos d&#8217;Esquadra han detenido en Barcelona a un hombre de 38 a\u00f1os y nacionalidad espa\u00f1ola en posesi\u00f3n de diversas sustancias estupefacientes y varias armas, as\u00ed como objetos y libros con simbolog\u00eda nazi.<\/p>\n<p>Seg\u00fan ha informado la Polic\u00eda de la Generalitat, la detenci\u00f3n de este hombre se produjo el pasado mi\u00e9rcoles, despu\u00e9s de que se localizara su veh\u00edculo estacionado en la Avenida Diagonal de la capital catalana.Tras una discreta vigilancia, agentes de los Mossos lo interceptaron, hacia las 21:30 horas, cuando iba a recoger el veh\u00edculo.<\/p>\n<p>En el interior del turismo los Mossos hallaron 877 gramos de coca\u00edna en dos paquetes, 50 papelinas de coca\u00edna preparadas para su inminente distribuci\u00f3n y 112 gramos de hach\u00eds. Los agentes tambi\u00e9n le intervinieron un hacha, un pu\u00f1al y una pistola semiautom\u00e1tica con nueve proyectiles.<\/p>\n<p>Los Mossos intervinieron coca\u00edna, hach\u00eds y diversas armas<br \/>\nLos Mossos intervinieron coca\u00edna, hach\u00eds y diversas armas ()<br \/>\nNumeroso material con simbolog\u00eda nazi<\/p>\n<p>Al d\u00eda siguiente se hizo una entrada y registro en el domicilio del detenido en Barcelona, donde la polic\u00eda hall\u00f3 una pistola el\u00e9ctrica y un aerosol de autodefensa. Igualmente, se encontr\u00f3 numeroso material con simbolog\u00eda nazi, como una bandera, brazaletes, postales, fotograf\u00edas, libros y diversos manuscritos, entre otros objetos.<\/p>\n<p>El detenido, que fue acusado de delitos contra la salud p\u00fablica y de tenencia il\u00edcita de armas, qued\u00f3 en libertad con cargos despu\u00e9s de pasar el s\u00e1bado a disposici\u00f3n judicial.<\/p>\n","protected":false},"excerpt":{"rendered":"<p>Los Mossos d&#8217;Esquadra han detenido en Barcelona a un hombre de 38 a\u00f1os y nacionalidad espa\u00f1ola en posesi\u00f3n de diversas sustancias estupefacientes y varias armas, as\u00ed como objetos y libros con simbolog\u00eda nazi. Seg\u00fan ha informado la Polic\u00eda de la Generalitat, la detenci\u00f3n de este hombre se produjo el pasado mi\u00e9rcoles, despu\u00e9s de que se [&hellip;]<\/p>\n","protected":false},"author":3,"featured_media":53042,"comment_status":"open","ping_status":"open","sticky":false,"template":"","format":"standard","meta":{"footnotes":""},"categories":[85],"tags":[],"class_list":["post-53041","post","type-post","status-publish","format-standard","has-post-thumbnail","hentry","category-espana"],"_links":{"self":[{"href":"https:\/\/2horizontes.com\/index.php?rest_route=\/wp\/v2\/posts\/53041","targetHints":{"allow":["GET"]}}],"collection":[{"href":"https:\/\/2horizontes.com\/index.php?rest_route=\/wp\/v2\/posts"}],"about":[{"href":"https:\/\/2horizontes.com\/index.php?rest_route=\/wp\/v2\/types\/post"}],"author":[{"embeddable":true,"href":"https:\/\/2horizontes.com\/index.php?rest_route=\/wp\/v2\/users\/3"}],"replies":[{"embeddable":true,"href":"https:\/\/2horizontes.com\/index.php?rest_route=%2Fwp%2Fv2%2Fcomments&post=53041"}],"version-history":[{"count":1,"href":"https:\/\/2horizontes.com\/index.php?rest_route=\/wp\/v2\/posts\/53041\/revisions"}],"predecessor-version":[{"id":53043,"href":"https:\/\/2horizontes.com\/index.php?rest_route=\/wp\/v2\/posts\/53041\/revisions\/53043"}],"wp:featuredmedia":[{"embeddable":true,"href":"https:\/\/2horizontes.com\/index.php?rest_route=\/wp\/v2\/media\/53042"}],"wp:attachment":[{"href":"https:\/\/2horizontes.com\/index.php?rest_route=%2Fwp%2Fv2%2Fmedia&parent=53041"}],"wp:term":[{"taxonomy":"category","embeddable":true,"href":"https:\/\/2horizontes.com\/index.php?rest_route=%2Fwp%2Fv2%2Fcategories&post=53041"},{"taxonomy":"post_tag","embeddable":true,"href":"https:\/\/2horizontes.com\/index.php?rest_route=%2Fwp%2Fv2%2Ftags&post=53041"}],"curies":[{"name":"wp","href":"https:\/\/api.w.org\/{rel}","templated":true}]}}