{"id":52940,"date":"2016-06-18T12:15:47","date_gmt":"2016-06-18T11:15:47","guid":{"rendered":"http:\/\/2horizontes.com\/?p=52940"},"modified":"2016-06-18T12:15:47","modified_gmt":"2016-06-18T11:15:47","slug":"encuentran-a-siete-lenadores-decapitados-en-el-noroeste-de-mexico","status":"publish","type":"post","link":"https:\/\/2horizontes.com\/?p=52940","title":{"rendered":"Encuentran a siete le\u00f1adores decapitados en el noroeste de M\u00e9xico"},"content":{"rendered":"<div id=\"ArticleAuthorDiv\" class=\"article-body-author\"><b>EFE<\/b><\/div>\n<div id=\"ArticleSourceDiv\" class=\"article-body-author\"><b>Culiac\u00e1n (M\u00e9xico)<\/b><\/div>\n<div id=\"ArticleBody\">\n<p>Las autoridades mexicanas encontraron los cuerpos de siete le\u00f1adores decapitados en la sierra del municipio de El Rosario, en el noroccidental estado de Sinaloa, confirm\u00f3 ayer a Efe una fuente de la fiscal\u00eda estatal.<\/p>\n<p>Las v\u00edctimas fueron reportadas como desaparecidas desde el pasado martes en la zona de Picachos, en el sur de Sinaloa.<\/p>\n<p>Los le\u00f1adores fueron decapitados y mutilados con motosierra, apunt\u00f3 la fuente, y a\u00f1adi\u00f3 que a unos pocos metros donde fueron localizados los restos hab\u00edan dos camionetas con troncos de madera en la parte trasera y se cree que pertenec\u00edan a las v\u00edctimas.<\/p>\n<p>Hasta el lugar llegaron agentes de la Polic\u00eda Ministerial, personal del Ej\u00e9rcito mexicano y peritos de la Procuradur\u00eda General de Justicia del estado, quienes realizan un operativo para ubicar a los responsables del crimen.<\/p>\n<p>Los cuerpos fueron trasladados al puerto de Mazatl\u00e1n, donde se llevar\u00e1n a cabo las autopsias. Hasta ahora las autoridades no han informado la identidad de los fallecidos.<\/p>\n<p>Sinaloa es el origen del c\u00e1rtel del mismo nombre, liderado por Joaqu\u00edn \u00abel Chapo\u00bb Guzm\u00e1n, apresado el pasado 8 de enero en la ciudad sinaloense de Los Mochis y que presuntamente usaba la serran\u00eda de ese estado para esconderse de las autoridades mexicanas.<\/p>\n<\/div>\n","protected":false},"excerpt":{"rendered":"<p>EFE Culiac\u00e1n (M\u00e9xico) Las autoridades mexicanas encontraron los cuerpos de siete le\u00f1adores decapitados en la sierra del municipio de El Rosario, en el noroccidental estado de Sinaloa, confirm\u00f3 ayer a Efe una fuente de la fiscal\u00eda estatal. Las v\u00edctimas fueron reportadas como desaparecidas desde el pasado martes en la zona de Picachos, en el sur [&hellip;]<\/p>\n","protected":false},"author":7,"featured_media":52941,"comment_status":"open","ping_status":"open","sticky":false,"template":"","format":"standard","meta":{"footnotes":""},"categories":[40],"tags":[],"class_list":["post-52940","post","type-post","status-publish","format-standard","has-post-thumbnail","hentry","category-internacionales"],"_links":{"self":[{"href":"https:\/\/2horizontes.com\/index.php?rest_route=\/wp\/v2\/posts\/52940","targetHints":{"allow":["GET"]}}],"collection":[{"href":"https:\/\/2horizontes.com\/index.php?rest_route=\/wp\/v2\/posts"}],"about":[{"href":"https:\/\/2horizontes.com\/index.php?rest_route=\/wp\/v2\/types\/post"}],"author":[{"embeddable":true,"href":"https:\/\/2horizontes.com\/index.php?rest_route=\/wp\/v2\/users\/7"}],"replies":[{"embeddable":true,"href":"https:\/\/2horizontes.com\/index.php?rest_route=%2Fwp%2Fv2%2Fcomments&post=52940"}],"version-history":[{"count":1,"href":"https:\/\/2horizontes.com\/index.php?rest_route=\/wp\/v2\/posts\/52940\/revisions"}],"predecessor-version":[{"id":52942,"href":"https:\/\/2horizontes.com\/index.php?rest_route=\/wp\/v2\/posts\/52940\/revisions\/52942"}],"wp:featuredmedia":[{"embeddable":true,"href":"https:\/\/2horizontes.com\/index.php?rest_route=\/wp\/v2\/media\/52941"}],"wp:attachment":[{"href":"https:\/\/2horizontes.com\/index.php?rest_route=%2Fwp%2Fv2%2Fmedia&parent=52940"}],"wp:term":[{"taxonomy":"category","embeddable":true,"href":"https:\/\/2horizontes.com\/index.php?rest_route=%2Fwp%2Fv2%2Fcategories&post=52940"},{"taxonomy":"post_tag","embeddable":true,"href":"https:\/\/2horizontes.com\/index.php?rest_route=%2Fwp%2Fv2%2Ftags&post=52940"}],"curies":[{"name":"wp","href":"https:\/\/api.w.org\/{rel}","templated":true}]}}