{"id":52934,"date":"2016-06-18T11:51:18","date_gmt":"2016-06-18T10:51:18","guid":{"rendered":"http:\/\/2horizontes.com\/?p=52934"},"modified":"2016-06-18T11:51:18","modified_gmt":"2016-06-18T10:51:18","slug":"investigan-arzobispo-espanol-por-posible-delito-de-odio","status":"publish","type":"post","link":"https:\/\/2horizontes.com\/?p=52934","title":{"rendered":"Investigan arzobispo espa\u00f1ol por posible delito de odio"},"content":{"rendered":"<div id=\"ArticleAuthorDiv\" class=\"article-body-author\"><b>AP<\/b><\/div>\n<div id=\"ArticleSourceDiv\" class=\"article-body-author\"><b>Madrid<\/b><\/div>\n<div id=\"ArticleBody\">\n<p>Los fiscales est\u00e1n investigando a un arzobispo espa\u00f1ol por posible delito de odio debido a ciertas declaraciones suyas sobre los gays. La fiscal\u00eda provincial de Valencia dijo el viernes que estudiaba un discurso reciente del arzobispo Antonio Ca\u00f1izares, quien dijo que \u00abpoderes como el &#8216;imperio gay'\u00bb promueven movimientos contra la familia cristiana.<\/p>\n<p>Ca\u00f1izares tambi\u00e9n fustig\u00f3 el feminismo y la ideolog\u00eda de g\u00e9nero. Las declaraciones provocaron cr\u00edticas y un grupo regional LGBT y otro medio centenar de agrupaciones presentaron una denuncia judicial.<\/p>\n<p>La prensa local dice que el cardenal emiti\u00f3 una carta de disculpas en la que dijo que fue malinterpretado. La fiscal\u00eda tiene plazo de seis meses para decidir si la denuncia tiene m\u00e9ritos.<\/p>\n<p>El delito de odio se castiga con hasta tres a\u00f1os de prisi\u00f3n. La oficina del arzobispo no respondi\u00f3 el viernes a los pedidos de declaraciones.<\/p>\n<p>Ca\u00f1izares, de 70 a\u00f1os, provoc\u00f3 pol\u00e9micas el a\u00f1o pasado cuando critic\u00f3 el ingreso de migrantes y refugiados en Europa. Posteriormente ofreci\u00f3 disculpas.<\/p>\n<p>Protegido del papa em\u00e9rito Benedicto XVI, Ca\u00f1izares fue cesado de un puesto importante en la oficina de liturgia del Vaticano y enviado de regreso a Espa\u00f1a en 2014 por el papa Francisco.<\/p>\n<p>La oficina de liturgia, que regula el oficio de la misa y los sacramentos, dio un giro conservador y tradicionalista durante el pontificado de Benedicto XVI.<\/p>\n<\/div>\n","protected":false},"excerpt":{"rendered":"<p>AP Madrid Los fiscales est\u00e1n investigando a un arzobispo espa\u00f1ol por posible delito de odio debido a ciertas declaraciones suyas sobre los gays. La fiscal\u00eda provincial de Valencia dijo el viernes que estudiaba un discurso reciente del arzobispo Antonio Ca\u00f1izares, quien dijo que \u00abpoderes como el &#8216;imperio gay&#8217;\u00bb promueven movimientos contra la familia cristiana. Ca\u00f1izares [&hellip;]<\/p>\n","protected":false},"author":7,"featured_media":52935,"comment_status":"open","ping_status":"open","sticky":false,"template":"","format":"standard","meta":{"footnotes":""},"categories":[40],"tags":[],"class_list":["post-52934","post","type-post","status-publish","format-standard","has-post-thumbnail","hentry","category-internacionales"],"_links":{"self":[{"href":"https:\/\/2horizontes.com\/index.php?rest_route=\/wp\/v2\/posts\/52934","targetHints":{"allow":["GET"]}}],"collection":[{"href":"https:\/\/2horizontes.com\/index.php?rest_route=\/wp\/v2\/posts"}],"about":[{"href":"https:\/\/2horizontes.com\/index.php?rest_route=\/wp\/v2\/types\/post"}],"author":[{"embeddable":true,"href":"https:\/\/2horizontes.com\/index.php?rest_route=\/wp\/v2\/users\/7"}],"replies":[{"embeddable":true,"href":"https:\/\/2horizontes.com\/index.php?rest_route=%2Fwp%2Fv2%2Fcomments&post=52934"}],"version-history":[{"count":1,"href":"https:\/\/2horizontes.com\/index.php?rest_route=\/wp\/v2\/posts\/52934\/revisions"}],"predecessor-version":[{"id":52936,"href":"https:\/\/2horizontes.com\/index.php?rest_route=\/wp\/v2\/posts\/52934\/revisions\/52936"}],"wp:featuredmedia":[{"embeddable":true,"href":"https:\/\/2horizontes.com\/index.php?rest_route=\/wp\/v2\/media\/52935"}],"wp:attachment":[{"href":"https:\/\/2horizontes.com\/index.php?rest_route=%2Fwp%2Fv2%2Fmedia&parent=52934"}],"wp:term":[{"taxonomy":"category","embeddable":true,"href":"https:\/\/2horizontes.com\/index.php?rest_route=%2Fwp%2Fv2%2Fcategories&post=52934"},{"taxonomy":"post_tag","embeddable":true,"href":"https:\/\/2horizontes.com\/index.php?rest_route=%2Fwp%2Fv2%2Ftags&post=52934"}],"curies":[{"name":"wp","href":"https:\/\/api.w.org\/{rel}","templated":true}]}}