{"id":52919,"date":"2016-06-18T11:01:29","date_gmt":"2016-06-18T10:01:29","guid":{"rendered":"http:\/\/2horizontes.com\/?p=52919"},"modified":"2016-06-18T11:01:29","modified_gmt":"2016-06-18T10:01:29","slug":"trasladan-a-expresidente-fujimori-a-clinica-por-hipertension-y-dolor-lingual","status":"publish","type":"post","link":"https:\/\/2horizontes.com\/?p=52919","title":{"rendered":"Trasladan a expresidente Fujimori a cl\u00ednica por hipertensi\u00f3n y dolor lingual"},"content":{"rendered":"<div id=\"ArticleAuthorDiv\" class=\"article-body-author\"><b>EFE<\/b><\/div>\n<div id=\"ArticleSourceDiv\" class=\"article-body-author\"><b>Lima<\/b><\/div>\n<div id=\"ArticleBody\">\n<p>El encarcelado expresidente peruano Alberto Fujimori fue trasladado ayer desde su celda a una cl\u00ednica de Lima tras presentar un cuadro de hipertensi\u00f3n no controlada, dolores en su lengua, depresi\u00f3n y problemas gastrointestinales, anunci\u00f3 hoy el jefe del Instituto Nacional Penitenciario (Inpe), Julio Mag\u00e1n.<\/p>\n<p>Mag\u00e1n explic\u00f3 a medios locales que el m\u00e9dico del Inpe que atiende a Fujimori recomend\u00f3 evacuar al expresidente a un centro m\u00e9dico, despu\u00e9s de constatar que se hab\u00eda agudizado el cuadro de hipertensi\u00f3n y depresi\u00f3n que habitualmente presenta.<\/p>\n<p>El galeno tambi\u00e9n recomend\u00f3 que Fujimori se someta a nuevas pruebas relativas a sus problemas gastrointestinales, ya que padece una \u00falcera o gastritis en el duodeno, seg\u00fan reflejaron los ex\u00e1menes que se le practicaron en su \u00faltima visita a centros m\u00e9dicos, realizada en marzo.<\/p>\n<p>El jefe del Inpe indic\u00f3 que Alberto Fujimori manifest\u00f3 su voluntad de ser internado en la Cl\u00ednica Centenario Peruano Japonesa, ubicada en el distrito lime\u00f1o de Pueblo Libre, a la que lleg\u00f3 alrededor de las 17.30 (22.30 GMT).<\/p>\n<p>Mag\u00e1n explic\u00f3 que el equipo m\u00e9dico de la cl\u00ednica determinar\u00e1 cu\u00e1nto tiempo estar\u00e1 internado Fujimori hasta que pueda regresar a su celda, ubicada en la base policial de la Direcci\u00f3n de Operaciones Especiales (Diroes) de la Polic\u00eda Nacional de Per\u00fa (PNP), que se encuentra en el distrito de Ate-Vitarte, en el este de Lima.<\/p>\n<p>Es la primera vez que Alberto Fujimori necesita ser atendido en una cl\u00ednica desde que su hija Keiko Fujimori se quedara a menos de 42.000 votos de ganar la segunda vuelta de las elecciones presidenciales frente al economista y exministro Pedro Pablo Kuczynski, en la votaci\u00f3n celebrada el domingo 5 de junio.<\/p>\n<p>Fujimori, que gobern\u00f3 Per\u00fa entre 1990 y 2000, es trasladado regularmente a cl\u00ednicas de Lima para el tratamiento de los problemas gastrointestinales y de hipertensi\u00f3n que sufre de manera cr\u00f3nica, adem\u00e1s de unas lesiones en la lengua, conocidas como leucoplasia, de las que ha sido operado hasta en cinco ocasiones.<\/p>\n<p>Esto ha llevado a sus familiares y seguidores a solicitar que se le otorgue el indulto humanitario, un beneficio que en 2013 le fue negado por el actual presidente peruano, Ollanta Humala.<\/p>\n<p>Alberto Fujimori cumple desde 2009 una condena de 25 a\u00f1os de prisi\u00f3n por violaciones de los derechos humanos y corrupci\u00f3n, entre ellos las matanzas de Barrios Altos y La Cantuta, cometidas por el grupo militar encubierto Colina, y los secuestros de un periodista y un empresario en 1992.<\/p>\n<\/div>\n","protected":false},"excerpt":{"rendered":"<p>EFE Lima El encarcelado expresidente peruano Alberto Fujimori fue trasladado ayer desde su celda a una cl\u00ednica de Lima tras presentar un cuadro de hipertensi\u00f3n no controlada, dolores en su lengua, depresi\u00f3n y problemas gastrointestinales, anunci\u00f3 hoy el jefe del Instituto Nacional Penitenciario (Inpe), Julio Mag\u00e1n. Mag\u00e1n explic\u00f3 a medios locales que el m\u00e9dico del [&hellip;]<\/p>\n","protected":false},"author":7,"featured_media":52920,"comment_status":"open","ping_status":"open","sticky":false,"template":"","format":"standard","meta":{"footnotes":""},"categories":[40,43],"tags":[],"class_list":["post-52919","post","type-post","status-publish","format-standard","has-post-thumbnail","hentry","category-internacionales","category-politica"],"_links":{"self":[{"href":"https:\/\/2horizontes.com\/index.php?rest_route=\/wp\/v2\/posts\/52919","targetHints":{"allow":["GET"]}}],"collection":[{"href":"https:\/\/2horizontes.com\/index.php?rest_route=\/wp\/v2\/posts"}],"about":[{"href":"https:\/\/2horizontes.com\/index.php?rest_route=\/wp\/v2\/types\/post"}],"author":[{"embeddable":true,"href":"https:\/\/2horizontes.com\/index.php?rest_route=\/wp\/v2\/users\/7"}],"replies":[{"embeddable":true,"href":"https:\/\/2horizontes.com\/index.php?rest_route=%2Fwp%2Fv2%2Fcomments&post=52919"}],"version-history":[{"count":1,"href":"https:\/\/2horizontes.com\/index.php?rest_route=\/wp\/v2\/posts\/52919\/revisions"}],"predecessor-version":[{"id":52921,"href":"https:\/\/2horizontes.com\/index.php?rest_route=\/wp\/v2\/posts\/52919\/revisions\/52921"}],"wp:featuredmedia":[{"embeddable":true,"href":"https:\/\/2horizontes.com\/index.php?rest_route=\/wp\/v2\/media\/52920"}],"wp:attachment":[{"href":"https:\/\/2horizontes.com\/index.php?rest_route=%2Fwp%2Fv2%2Fmedia&parent=52919"}],"wp:term":[{"taxonomy":"category","embeddable":true,"href":"https:\/\/2horizontes.com\/index.php?rest_route=%2Fwp%2Fv2%2Fcategories&post=52919"},{"taxonomy":"post_tag","embeddable":true,"href":"https:\/\/2horizontes.com\/index.php?rest_route=%2Fwp%2Fv2%2Ftags&post=52919"}],"curies":[{"name":"wp","href":"https:\/\/api.w.org\/{rel}","templated":true}]}}