{"id":52860,"date":"2016-06-17T10:39:53","date_gmt":"2016-06-17T09:39:53","guid":{"rendered":"http:\/\/2horizontes.com\/?p=52860"},"modified":"2016-06-17T10:39:53","modified_gmt":"2016-06-17T09:39:53","slug":"reflexiones-2horizontes-44","status":"publish","type":"post","link":"https:\/\/2horizontes.com\/?p=52860","title":{"rendered":"Reflexiones 2Horizontes"},"content":{"rendered":"<p>Por. Alfredo Mella<\/p>\n<p>Si le crees a Dios, comparte con tus amistades el mensaje de hoy viernes 17 de Junio 2016. (La gran Comisi\u00f3n) Pero los once disc\u00edpulos de fueron a Galilea, al\u00a0<span class=\"text_exposed_show\">monte donde Jes\u00fas les hab\u00eda ordenado. Y cuando le vieron, le adoraron; pero algunos dudaban. Y Jes\u00fas se acerc\u00f3 y les habl\u00f3 diciendo: Toda potestad me es dada en el cielo y en la tierra. <\/span><\/p>\n<p><span class=\"text_exposed_show\">Por tanto, id, y haced disc\u00edpulos a todas las naciones, bautiz\u00e1ndolos en el nombre del Padre, del Hijo, y del Esp\u00edritu Santo; ense\u00f1\u00e1ndoles que guarden todas las cosas que os he mandado; y he qu\u00ed yo estoy con vosotros todos los d\u00edas, hasta el fin del mundo. Amen. MATEO 28:16-17-18-19-20. Cristo viene pronto y el te ama, b\u00fascale mas, Dios te bendiga siempre y a tus seres queridos, buenos d\u00edas.<\/span><\/p>\n","protected":false},"excerpt":{"rendered":"<p>Por. Alfredo Mella Si le crees a Dios, comparte con tus amistades el mensaje de hoy viernes 17 de Junio 2016. (La gran Comisi\u00f3n) Pero los once disc\u00edpulos de fueron a Galilea, al\u00a0monte donde Jes\u00fas les hab\u00eda ordenado. Y cuando le vieron, le adoraron; pero algunos dudaban. Y Jes\u00fas se acerc\u00f3 y les habl\u00f3 diciendo: [&hellip;]<\/p>\n","protected":false},"author":7,"featured_media":52861,"comment_status":"open","ping_status":"open","sticky":false,"template":"","format":"standard","meta":{"footnotes":""},"categories":[46,82],"tags":[],"class_list":["post-52860","post","type-post","status-publish","format-standard","has-post-thumbnail","hentry","category-dominicanos-en-madrid","category-opinion"],"_links":{"self":[{"href":"https:\/\/2horizontes.com\/index.php?rest_route=\/wp\/v2\/posts\/52860","targetHints":{"allow":["GET"]}}],"collection":[{"href":"https:\/\/2horizontes.com\/index.php?rest_route=\/wp\/v2\/posts"}],"about":[{"href":"https:\/\/2horizontes.com\/index.php?rest_route=\/wp\/v2\/types\/post"}],"author":[{"embeddable":true,"href":"https:\/\/2horizontes.com\/index.php?rest_route=\/wp\/v2\/users\/7"}],"replies":[{"embeddable":true,"href":"https:\/\/2horizontes.com\/index.php?rest_route=%2Fwp%2Fv2%2Fcomments&post=52860"}],"version-history":[{"count":1,"href":"https:\/\/2horizontes.com\/index.php?rest_route=\/wp\/v2\/posts\/52860\/revisions"}],"predecessor-version":[{"id":52862,"href":"https:\/\/2horizontes.com\/index.php?rest_route=\/wp\/v2\/posts\/52860\/revisions\/52862"}],"wp:featuredmedia":[{"embeddable":true,"href":"https:\/\/2horizontes.com\/index.php?rest_route=\/wp\/v2\/media\/52861"}],"wp:attachment":[{"href":"https:\/\/2horizontes.com\/index.php?rest_route=%2Fwp%2Fv2%2Fmedia&parent=52860"}],"wp:term":[{"taxonomy":"category","embeddable":true,"href":"https:\/\/2horizontes.com\/index.php?rest_route=%2Fwp%2Fv2%2Fcategories&post=52860"},{"taxonomy":"post_tag","embeddable":true,"href":"https:\/\/2horizontes.com\/index.php?rest_route=%2Fwp%2Fv2%2Ftags&post=52860"}],"curies":[{"name":"wp","href":"https:\/\/api.w.org\/{rel}","templated":true}]}}