{"id":52854,"date":"2016-06-17T10:31:15","date_gmt":"2016-06-17T09:31:15","guid":{"rendered":"http:\/\/2horizontes.com\/?p=52854"},"modified":"2016-06-17T10:32:36","modified_gmt":"2016-06-17T09:32:36","slug":"obama-urge-a-controlar-armas","status":"publish","type":"post","link":"https:\/\/2horizontes.com\/?p=52854","title":{"rendered":"Obama urge a controlar armas"},"content":{"rendered":"<div id=\"ArticleAuthorDiv\" class=\"article-body-author\"><b>EFE<\/b><\/div>\n<div id=\"ArticleSourceDiv\" class=\"article-body-author\"><b>Orlando<\/b><\/div>\n<div id=\"ArticleBody\">\n<p>Barack Obama, se reuni\u00f3 ayer con supervivientes y familiares de las v\u00edctimas del tiroteo del domingo en Orlando (Florida) para aportar algo de consuelo a su \u201cindescriptible\u201d dolor, y urgi\u00f3 al Congreso a actuar para alejar las armas de asalto de los terroristas en el pa\u00eds.<\/p>\n<p>Cuatro d\u00edas despu\u00e9s del peor tiroteo en la historia de Estados Unidos, que dej\u00f3 50 muertos -incluido el atacante, Omar Mateen, un estadounidense de origen afgano de 29 a\u00f1os- y 53 heridos, Obama viaj\u00f3 a Orlando para expresar apoyo a los afectados por la masacre. \u201cHace cuatro d\u00edas, esta comunidad se vio sacudida por un acto malvado y lleno de odio. Hoy, recordamos lo que es bueno. Que hay compasi\u00f3n, empat\u00eda y decencia, y sobre todo, que hay amor. Ese es el Orlando que hemos visto en los \u00faltimos d\u00edas\u201d, afirm\u00f3 el mandatario en declaraciones a periodistas.<\/p>\n<p>De las cuatro horas que pas\u00f3 en Orlando, Obama dedic\u00f3 dos a reunirse con los afectados por el tiroteo, entre ellos los polic\u00edas, agentes de seguridad y equipos de emergencia que respondieron al tiroteo; pero tambi\u00e9n con los propietarios y el personal de la discoteca gay Pulse que estaban trabajando cuando ocurri\u00f3 el ataque.<\/p>\n<p><strong>Familiares y sobrevivientes<\/strong><br \/>\nTambi\u00e9n se reuni\u00f3, en peque\u00f1os grupos, con familiares de las 49 v\u00edctimas mortales del tiroteo y con algunos de los supervivientes de la tragedia, que afect\u00f3 sobre todo a la comunidad hispana y homosexual de la ciudad del centro de Florida.<\/p>\n<p>\u201cEstas familias podr\u00edan ser nuestras familias. De hecho, son nuestra familia, parte de la familia estadounidense. Hoy, el vicepresidente (Joseph Biden) y yo les dijimos, de parte del pueblo estadounidense, que nuestro coraz\u00f3n tambi\u00e9n est\u00e1 roto\u201d, dijo Obama.<\/p>\n<\/div>\n","protected":false},"excerpt":{"rendered":"<p>EFE Orlando Barack Obama, se reuni\u00f3 ayer con supervivientes y familiares de las v\u00edctimas del tiroteo del domingo en Orlando (Florida) para aportar algo de consuelo a su \u201cindescriptible\u201d dolor, y urgi\u00f3 al Congreso a actuar para alejar las armas de asalto de los terroristas en el pa\u00eds. Cuatro d\u00edas despu\u00e9s del peor tiroteo en [&hellip;]<\/p>\n","protected":false},"author":7,"featured_media":52855,"comment_status":"open","ping_status":"open","sticky":false,"template":"","format":"standard","meta":{"footnotes":""},"categories":[40,43],"tags":[],"class_list":["post-52854","post","type-post","status-publish","format-standard","has-post-thumbnail","hentry","category-internacionales","category-politica"],"_links":{"self":[{"href":"https:\/\/2horizontes.com\/index.php?rest_route=\/wp\/v2\/posts\/52854","targetHints":{"allow":["GET"]}}],"collection":[{"href":"https:\/\/2horizontes.com\/index.php?rest_route=\/wp\/v2\/posts"}],"about":[{"href":"https:\/\/2horizontes.com\/index.php?rest_route=\/wp\/v2\/types\/post"}],"author":[{"embeddable":true,"href":"https:\/\/2horizontes.com\/index.php?rest_route=\/wp\/v2\/users\/7"}],"replies":[{"embeddable":true,"href":"https:\/\/2horizontes.com\/index.php?rest_route=%2Fwp%2Fv2%2Fcomments&post=52854"}],"version-history":[{"count":1,"href":"https:\/\/2horizontes.com\/index.php?rest_route=\/wp\/v2\/posts\/52854\/revisions"}],"predecessor-version":[{"id":52856,"href":"https:\/\/2horizontes.com\/index.php?rest_route=\/wp\/v2\/posts\/52854\/revisions\/52856"}],"wp:featuredmedia":[{"embeddable":true,"href":"https:\/\/2horizontes.com\/index.php?rest_route=\/wp\/v2\/media\/52855"}],"wp:attachment":[{"href":"https:\/\/2horizontes.com\/index.php?rest_route=%2Fwp%2Fv2%2Fmedia&parent=52854"}],"wp:term":[{"taxonomy":"category","embeddable":true,"href":"https:\/\/2horizontes.com\/index.php?rest_route=%2Fwp%2Fv2%2Fcategories&post=52854"},{"taxonomy":"post_tag","embeddable":true,"href":"https:\/\/2horizontes.com\/index.php?rest_route=%2Fwp%2Fv2%2Ftags&post=52854"}],"curies":[{"name":"wp","href":"https:\/\/api.w.org\/{rel}","templated":true}]}}