{"id":52778,"date":"2016-06-15T17:23:06","date_gmt":"2016-06-15T16:23:06","guid":{"rendered":"http:\/\/2horizontes.com\/?p=52778"},"modified":"2016-06-15T17:23:06","modified_gmt":"2016-06-15T16:23:06","slug":"amnistia-internacional-denuncia-que-cientos-de-dominicanos-fueron-repatriados-ilegalmente-a-haiti","status":"publish","type":"post","link":"https:\/\/2horizontes.com\/?p=52778","title":{"rendered":"Amnist\u00eda Internacional denuncia que cientos de dominicanos fueron repatriados ilegalmente a Hait\u00ed"},"content":{"rendered":"<div id=\"ArticleAuthorDiv\" class=\"article-body-author\"><b>EFE<\/b><\/div>\n<div id=\"ArticleSourceDiv\" class=\"article-body-author\"><b>Santo Domingo<\/b><\/div>\n<div id=\"ArticleBody\">\n<p>Amnist\u00eda Internacional (AI) denunci\u00f3 hoy que la Rep\u00fablica Dominicana expuls\u00f3 ilegalmente a Hait\u00ed a cientos de dominicanos que se vieron atrapados en las repatriaciones y retornos que han afectado a m\u00e1s de 100.000 personas en los \u00faltimos meses.<\/p>\n<p>As\u00ed lo pone de manifiesto en un nuevo informe titulado \u00ab\u00bfD\u00f3nde vamos a vivir?\u00bb Migraci\u00f3n y apatridia en Hait\u00ed y la Rep\u00fablica Dominicana\u00bb, publicado un a\u00f1o despu\u00e9s de que el 18 de junio de 2015 concluyese, tras 18 meses en vigor, el Plan Nacional de Regularizaci\u00f3n de Extranjeros (PNRE).<\/p>\n<p>El documento se\u00f1ala \u00abla irresponsabilidad con que los dos gobiernos est\u00e1n manejando la repatriaci\u00f3n, la expulsi\u00f3n y el retorno &#8216;espont\u00e1neo&#8217; de decenas de miles de personas a Hait\u00ed\u00bb, seg\u00fan un comunicado difundido hoy por AI.<\/p>\n<p>\u00abDesde que privaron arbitrariamente de su nacionalidad a miles de personas dominicanas de ascendencia haitiana, las autoridades de la Rep\u00fablica Dominicana han creado una crisis de derechos humanos que est\u00e1 dejando a decenas de miles de personas en un limbo jur\u00eddico absoluto y desesperado\u00bb, manifest\u00f3 la directora para las Am\u00e9ricas de AI, Erika Guevara-Rosas.<\/p>\n<p>M\u00e1s de 40.000 personas (entre ellas varios cientos de menores no acompa\u00f1ados) han sido repatriadas de la Rep\u00fablica Dominicana a Hait\u00ed entre agosto de 2015 y mayo de 2016, seg\u00fan la Organizaci\u00f3n Internacional para las Migraciones (OIM) y las organizaciones de la sociedad civil haitianas, seg\u00fan AI.<\/p>\n<p>Al menos otras 68.000 regresaron a Hait\u00ed \u00abespont\u00e1neamente\u00bb, en muchos casos tras recibir amenazas o por el temor a sufrir persecuci\u00f3n y violencia en la Rep\u00fablica Dominicana.<\/p>\n<p>Un 85 por ciento del total dijo a la OIM que hab\u00eda nacido en Hait\u00ed, y un 15 por ciento afirm\u00f3 ser oriundo de la Rep\u00fablica Dominicana, la mayor\u00eda hijos de inmigrantes haitianos que regresaron \u00abvoluntariamente\u00bb, pero que podr\u00edan tener derecho a la nacionalidad dominicana.<\/p>\n<p>Seg\u00fan verificaciones del Alto Comisionado de las Naciones Unidas para los Refugiados, casi 1.600 personas que tienen derecho a la nacionalidad dominicana han sido expulsadas ilegalmente del pa\u00eds.<\/p>\n<p>Unas 2.000 personas viven desde agosto de 2015 en seis campamentos improvisados cerca de la localidad fronteriza de Anse-\u00e0-Pitres, en el sur de Hait\u00ed, sin acceso a comida, agua, instalaciones de higiene o atenci\u00f3n m\u00e9dica.<\/p>\n<p>Durante varios meses, las autoridades haitianas no asumieron el liderazgo para encontrar una soluci\u00f3n y, hasta mediados de febrero de 2016, no se estableci\u00f3 un plan para reubicar a todas las familias en las zonas que ellas mismas eligieran, agregaron.<\/p>\n<p>Para AI, las \u00abescasas mejoras introducidas por la Rep\u00fablica Dominicana en la manera de llevar a cabo las repatriaciones, como evitar las repatriaciones colectivas y asegurarse de que no se realizan repatriaciones de noche, no bastan para garantizar la protecci\u00f3n de los derechos de las personas afectadas\u00bb.<\/p>\n<p>Adem\u00e1s, a ninguna de las personas entrevistadas por AI le entregaron una orden de repatriaci\u00f3n, no les dieron la oportunidad de impugnar su legalidad ante los tribunales ni les ofrecieron asistencia judicial.<\/p>\n<p>En septiembre de 2013, el Tribunal Constitucional de la Rep\u00fablica Dominicana resolvi\u00f3 que los ni\u00f1os nacidos de padres extranjeros indocumentados en el pa\u00eds desde 1929 no hab\u00edan tenido nunca derecho a la nacionalidad dominicana, sentencia que, afirmaron, constitu\u00eda \u00abuna privaci\u00f3n retroactiva, arbitraria y discriminatoria de la nacionalidad.\u00bb<\/p>\n<p>Tras expirar el plan de regularizaci\u00f3n el 18 de junio de 2015, las autoridades dominicanas dijeron que no expulsar\u00edan a ninguna persona que pudiera demostrar que hab\u00eda nacido en la Rep\u00fablica Dominicana, que cada caso se evaluar\u00eda individualmente y que se cribar\u00eda a las personas nacidas en el pa\u00eds y se las proteger\u00eda de la expulsi\u00f3n.<\/p>\n<p>Sin embargo, denunciaron que cientos de dominicanos de ascendencia haitiana y ap\u00e1tridas se han visto atrapados en una oleada continua de expulsiones y repatriaciones, y no existen mecanismos formales que permitan a los expulsados err\u00f3neamente ser readmitidos formalmente en Rep\u00fablica Dominicana y pedir reparaci\u00f3n.<\/p>\n<p>Adem\u00e1s, las autoridades de Hait\u00ed no cuentan con mecanismos para hacerse cargo de los dominicanos de ascendencia haitiana que han sido expulsadas o han llegado al pa\u00eds, incluidos los ap\u00e1tridas.<\/p>\n<p>Guevara-Rosas inst\u00f3 a las autoridades dominicanas reci\u00e9n elegidas a emprender \u00abacciones urgentes para abordar esta crisis y a detener de inmediato las expulsiones ilegales de personas nacidas en el pa\u00eds asegur\u00e1ndose de que todas las repatriaciones de indocumentados se llevan a cabo de acuerdo con el derecho internacional\u00bb.<\/p>\n<p>Adem\u00e1s, \u00abdeben restituir su nacionalidad a las decenas de miles de personas dominicanas de ascendencia haitiana que se han visto privadas arbitrariamente de ella\u00bb, concluy\u00f3.<\/p>\n<\/div>\n","protected":false},"excerpt":{"rendered":"<p>EFE Santo Domingo Amnist\u00eda Internacional (AI) denunci\u00f3 hoy que la Rep\u00fablica Dominicana expuls\u00f3 ilegalmente a Hait\u00ed a cientos de dominicanos que se vieron atrapados en las repatriaciones y retornos que han afectado a m\u00e1s de 100.000 personas en los \u00faltimos meses. As\u00ed lo pone de manifiesto en un nuevo informe titulado \u00ab\u00bfD\u00f3nde vamos a vivir?\u00bb [&hellip;]<\/p>\n","protected":false},"author":7,"featured_media":52779,"comment_status":"open","ping_status":"open","sticky":false,"template":"","format":"standard","meta":{"footnotes":""},"categories":[47,40,44],"tags":[],"class_list":["post-52778","post","type-post","status-publish","format-standard","has-post-thumbnail","hentry","category-haiti","category-internacionales","category-republica-dominicana"],"_links":{"self":[{"href":"https:\/\/2horizontes.com\/index.php?rest_route=\/wp\/v2\/posts\/52778","targetHints":{"allow":["GET"]}}],"collection":[{"href":"https:\/\/2horizontes.com\/index.php?rest_route=\/wp\/v2\/posts"}],"about":[{"href":"https:\/\/2horizontes.com\/index.php?rest_route=\/wp\/v2\/types\/post"}],"author":[{"embeddable":true,"href":"https:\/\/2horizontes.com\/index.php?rest_route=\/wp\/v2\/users\/7"}],"replies":[{"embeddable":true,"href":"https:\/\/2horizontes.com\/index.php?rest_route=%2Fwp%2Fv2%2Fcomments&post=52778"}],"version-history":[{"count":1,"href":"https:\/\/2horizontes.com\/index.php?rest_route=\/wp\/v2\/posts\/52778\/revisions"}],"predecessor-version":[{"id":52780,"href":"https:\/\/2horizontes.com\/index.php?rest_route=\/wp\/v2\/posts\/52778\/revisions\/52780"}],"wp:featuredmedia":[{"embeddable":true,"href":"https:\/\/2horizontes.com\/index.php?rest_route=\/wp\/v2\/media\/52779"}],"wp:attachment":[{"href":"https:\/\/2horizontes.com\/index.php?rest_route=%2Fwp%2Fv2%2Fmedia&parent=52778"}],"wp:term":[{"taxonomy":"category","embeddable":true,"href":"https:\/\/2horizontes.com\/index.php?rest_route=%2Fwp%2Fv2%2Fcategories&post=52778"},{"taxonomy":"post_tag","embeddable":true,"href":"https:\/\/2horizontes.com\/index.php?rest_route=%2Fwp%2Fv2%2Ftags&post=52778"}],"curies":[{"name":"wp","href":"https:\/\/api.w.org\/{rel}","templated":true}]}}