{"id":52750,"date":"2016-06-15T16:35:26","date_gmt":"2016-06-15T15:35:26","guid":{"rendered":"http:\/\/2horizontes.com\/?p=52750"},"modified":"2016-06-15T16:42:29","modified_gmt":"2016-06-15T15:42:29","slug":"la-casa-blanca-reivindica-un-futuro-femenino-en-la-primera-cumbre-de-mujeres","status":"publish","type":"post","link":"https:\/\/2horizontes.com\/?p=52750","title":{"rendered":"La Casa Blanca reivindica un futuro femenino en la primera Cumbre de Mujeres"},"content":{"rendered":"<div id=\"ArticleAuthorDiv\" class=\"article-body-author\"><b>Raquel Godos \/EFE<\/b><\/div>\n<div id=\"ArticleSourceDiv\" class=\"article-body-author\"><b>Washington<\/b><\/div>\n<div id=\"ArticleBody\">\n<p>La Casa Blanca reivindic\u00f3 ayer la presencia femenina en la sociedad actual y futura durante la primera Cumbre de Mujeres auspiciada por el Gobierno de EE.UU., en la que se abordaron asuntos como la violencia sexual o la igualdad salarial y de derechos.<\/p>\n<p>El presidente de Estados Unidos, Barack Obama, se declar\u00f3 \u00abfeminista\u00bb ante las m\u00e1s de 5.000 mujeres congregadas en el centro de convenciones de la capital estadounidense, y dijo estar \u00abmuy orgulloso\u00bb de lo que su Gobierno ha logrado en materia de igualdad a lo largo de los \u00faltimos siete a\u00f1os y medio.<\/p>\n<p>\u00abPuede que (tenga el pelo) un poco m\u00e1s gris que hace ocho a\u00f1os, pero as\u00ed es un feminista\u00bb, afirm\u00f3 el mandatario en la reuni\u00f3n, cuya anfitriona fue su esposa, Michelle.<\/p>\n<p>El presidente hizo un recorrido por algunos de los avances hechos por su Ejecutivo por la igualdad de la mujer, como mejorar las condiciones de las libranzas por maternidad o instalar el salario igualitario en los empleados federales.<\/p>\n<p>Obama hizo uso de su poder ejecutivo para imponer estas medidas para los trabajadores del Gobierno, ante la falta de actuaci\u00f3n del Legislativo.<\/p>\n<p>\u00abNo tenemos que tener al Congreso de acuerdo con nosotros. Podemos seguir adelante y avanzar sin esperarles. Ya se pondr\u00e1n al d\u00eda\u00bb, explic\u00f3 entre los aplausos de las asistentes.<\/p>\n<p>La Casa Blanca ha recurrido a asociaciones con empresas privadas para promover este tipo de cambios, y aprovech\u00f3 el d\u00eda de hoy para anunciar la firma de un contrato con 20 compa\u00f1\u00edas que se han comprometido a implementar un salario equitativo y a la igualdad de contrataci\u00f3n.<\/p>\n<p>Asimismo, el Departamento de Trabajo anunci\u00f3 hoy la revisi\u00f3n de varias normas laborales que incurr\u00edan en discriminaci\u00f3n hacia la mujer empleada en ciertos puestos federales.<\/p>\n<p>Obama llam\u00f3 tambi\u00e9n a que todas las ni\u00f1as y mujeres del mundo \u00abest\u00e9n libres de la violencia, incluida la violencia armada\u00bb, y alert\u00f3 de que la generaci\u00f3n de sus hijas (Malia, de 17 a\u00f1os; y Sasha, de 15) \u00abno va a permitir que les hagan retroceder\u00bb tras la lucha feminista que les ha precedido para llegar donde est\u00e1n.<\/p>\n<p>\u00abPiensan que la discriminaci\u00f3n es cosa de perdedores. (&#8230;) Este es el futuro que estamos construyendo. Uno en el que todos nosotros, aqu\u00ed en casa o en cualquier parte del mundo, seamos libres de perseguir nuestros sue\u00f1os\u00bb, insisti\u00f3 el mandatario.<\/p>\n<p>Obama inst\u00f3 a las m\u00e1s j\u00f3venes a involucrarse en carreras de innovaci\u00f3n, ciencia o matem\u00e1ticas, profesiones que hasta hace muy poco estaban monopolizadas por el sexo masculino, y tambi\u00e9n insisti\u00f3 en la denuncia de cualquier abuso sexual.<\/p>\n<p>Durante la cumbre, en la que se abordaron algunas de las problem\u00e1ticas y los retos m\u00e1s apremiantes para el sexo femenino, tambi\u00e9n intervinieron el vicepresidente estadounidense, Joseph Biden, y la l\u00edder de la minor\u00eda dem\u00f3crata de la C\u00e1mara Baja, Nancy Pelosi; as\u00ed como la fiscal general y secretaria de Justicia, Loretta Lynch.<\/p>\n<p>La intervenci\u00f3n de Biden estuvo m\u00e1s encaminada hacia uno de los principales prioridades de su agenda pol\u00edtica, la violencia sexual contra las mujeres.<\/p>\n<p>El vicepresidente relat\u00f3 ante las asistentes que siete de las mujeres que estaban esperando al guardarropa este lunes en la Casa Blanca durante la celebraci\u00f3n de un picnic hab\u00edan sido violadas.<\/p>\n<p>En este sentido, Biden resalt\u00f3 que cada vez son m\u00e1s las v\u00edctimas sexuales que se sienten respaldadas y apoyadas para hablar de sus experiencias, y anim\u00f3 a continuar denunciando a los agresores.<\/p>\n<p>\u00abEs fundamental dar voz a las supervivientes en todo el pa\u00eds, pero sobre todo, hacerles saber que estamos escuchando\u00bb, agreg\u00f3.<\/p>\n<p>\u00abLa raz\u00f3n por la que les cuento la historia no soy yo. Es por las mujeres que han llegado a un punto en el que sienten que alguien les escuchar\u00e1\u00bb, reiter\u00f3 el vicepresidente.<\/p>\n<p>Durante la cumbre, algunas v\u00edctimas de violaciones sexuales contaron sus vivencias y elevaron la voz contra los abusos, un problema que especialmente se ha identificado en los \u00faltimos tiempos en los centros universitarios estadounidenses.<\/p>\n<\/div>\n","protected":false},"excerpt":{"rendered":"<p>Raquel Godos \/EFE Washington La Casa Blanca reivindic\u00f3 ayer la presencia femenina en la sociedad actual y futura durante la primera Cumbre de Mujeres auspiciada por el Gobierno de EE.UU., en la que se abordaron asuntos como la violencia sexual o la igualdad salarial y de derechos. El presidente de Estados Unidos, Barack Obama, se [&hellip;]<\/p>\n","protected":false},"author":7,"featured_media":52754,"comment_status":"open","ping_status":"open","sticky":false,"template":"","format":"standard","meta":{"footnotes":""},"categories":[40,43],"tags":[],"class_list":["post-52750","post","type-post","status-publish","format-standard","has-post-thumbnail","hentry","category-internacionales","category-politica"],"_links":{"self":[{"href":"https:\/\/2horizontes.com\/index.php?rest_route=\/wp\/v2\/posts\/52750","targetHints":{"allow":["GET"]}}],"collection":[{"href":"https:\/\/2horizontes.com\/index.php?rest_route=\/wp\/v2\/posts"}],"about":[{"href":"https:\/\/2horizontes.com\/index.php?rest_route=\/wp\/v2\/types\/post"}],"author":[{"embeddable":true,"href":"https:\/\/2horizontes.com\/index.php?rest_route=\/wp\/v2\/users\/7"}],"replies":[{"embeddable":true,"href":"https:\/\/2horizontes.com\/index.php?rest_route=%2Fwp%2Fv2%2Fcomments&post=52750"}],"version-history":[{"count":1,"href":"https:\/\/2horizontes.com\/index.php?rest_route=\/wp\/v2\/posts\/52750\/revisions"}],"predecessor-version":[{"id":52752,"href":"https:\/\/2horizontes.com\/index.php?rest_route=\/wp\/v2\/posts\/52750\/revisions\/52752"}],"wp:featuredmedia":[{"embeddable":true,"href":"https:\/\/2horizontes.com\/index.php?rest_route=\/wp\/v2\/media\/52754"}],"wp:attachment":[{"href":"https:\/\/2horizontes.com\/index.php?rest_route=%2Fwp%2Fv2%2Fmedia&parent=52750"}],"wp:term":[{"taxonomy":"category","embeddable":true,"href":"https:\/\/2horizontes.com\/index.php?rest_route=%2Fwp%2Fv2%2Fcategories&post=52750"},{"taxonomy":"post_tag","embeddable":true,"href":"https:\/\/2horizontes.com\/index.php?rest_route=%2Fwp%2Fv2%2Ftags&post=52750"}],"curies":[{"name":"wp","href":"https:\/\/api.w.org\/{rel}","templated":true}]}}