{"id":52740,"date":"2016-06-15T10:59:41","date_gmt":"2016-06-15T09:59:41","guid":{"rendered":"http:\/\/2horizontes.com\/?p=52740"},"modified":"2016-06-15T10:59:41","modified_gmt":"2016-06-15T09:59:41","slug":"detenido-en-zaragoza-el-presunto-asesino-de-un-pizzero-muerto-en-alemania-hace-23-anos","status":"publish","type":"post","link":"https:\/\/2horizontes.com\/?p=52740","title":{"rendered":"Detenido en Zaragoza el presunto asesino de un pizzero muerto en Alemania hace 23 a\u00f1os"},"content":{"rendered":"<p>La Polic\u00eda Nacional ha detenido en Zaragoza al presunto autor de un asesinato ocurrido hace 23 a\u00f1os en Alemania. El 3 de febrero de 1993 apareci\u00f3 el cad\u00e1ver de Giuseppe Sabia, propietario de una pizzer\u00eda, en un bosque cercano a la localidad de Mannheim. El cuerpo presentaba m\u00faltiples se\u00f1ales de haber sido agredido y una herida por arma de fuego en la cabeza. Su coche apareci\u00f3 calcinado lejos del escenario del crimen. La polic\u00eda no consigui\u00f3 dar con la persona que arrebat\u00f3 la vida a Sabia.<\/p>\n<p>La investigaci\u00f3n del asesinato qued\u00f3 en el aire hasta el pasado mes de abril, cuando la Polic\u00eda Nacional recibi\u00f3 una solicitud de colaboraci\u00f3n internacional por parte de la Fiscal\u00eda de la ciudad alemana de Mannheim para localizar a un ciudadano que podr\u00eda estar implicado en la muerte del pizzero. Tras el aviso, los investigadores localizaron en Zaragoza al presunto autor de los hechos, un var\u00f3n de 44 a\u00f1os, nacido en Weinheim (Alemania) y que vivi\u00f3 en Mannheim durante 20 a\u00f1os, tras los que se traslad\u00f3 a la capital aragonesa donde resid\u00eda en la actualidad.<\/p>\n<p>El hombre fue detenido ayer en un operativo especial en el que participaron agentes de las polic\u00edas espa\u00f1ola y alemana. Seg\u00fan las fuentes, el hecho de que la legislaci\u00f3n alemana no prevea la prescripci\u00f3n del delito de asesinato ha permitido que se reabra con \u00e9xito este caso, para cuyo presunto autor las autoridades de aquel pa\u00eds han solicitado la extradici\u00f3n.<\/p>\n","protected":false},"excerpt":{"rendered":"<p>La Polic\u00eda Nacional ha detenido en Zaragoza al presunto autor de un asesinato ocurrido hace 23 a\u00f1os en Alemania. El 3 de febrero de 1993 apareci\u00f3 el cad\u00e1ver de Giuseppe Sabia, propietario de una pizzer\u00eda, en un bosque cercano a la localidad de Mannheim. El cuerpo presentaba m\u00faltiples se\u00f1ales de haber sido agredido y una [&hellip;]<\/p>\n","protected":false},"author":3,"featured_media":52741,"comment_status":"open","ping_status":"open","sticky":false,"template":"","format":"standard","meta":{"footnotes":""},"categories":[85],"tags":[],"class_list":["post-52740","post","type-post","status-publish","format-standard","has-post-thumbnail","hentry","category-espana"],"_links":{"self":[{"href":"https:\/\/2horizontes.com\/index.php?rest_route=\/wp\/v2\/posts\/52740","targetHints":{"allow":["GET"]}}],"collection":[{"href":"https:\/\/2horizontes.com\/index.php?rest_route=\/wp\/v2\/posts"}],"about":[{"href":"https:\/\/2horizontes.com\/index.php?rest_route=\/wp\/v2\/types\/post"}],"author":[{"embeddable":true,"href":"https:\/\/2horizontes.com\/index.php?rest_route=\/wp\/v2\/users\/3"}],"replies":[{"embeddable":true,"href":"https:\/\/2horizontes.com\/index.php?rest_route=%2Fwp%2Fv2%2Fcomments&post=52740"}],"version-history":[{"count":1,"href":"https:\/\/2horizontes.com\/index.php?rest_route=\/wp\/v2\/posts\/52740\/revisions"}],"predecessor-version":[{"id":52742,"href":"https:\/\/2horizontes.com\/index.php?rest_route=\/wp\/v2\/posts\/52740\/revisions\/52742"}],"wp:featuredmedia":[{"embeddable":true,"href":"https:\/\/2horizontes.com\/index.php?rest_route=\/wp\/v2\/media\/52741"}],"wp:attachment":[{"href":"https:\/\/2horizontes.com\/index.php?rest_route=%2Fwp%2Fv2%2Fmedia&parent=52740"}],"wp:term":[{"taxonomy":"category","embeddable":true,"href":"https:\/\/2horizontes.com\/index.php?rest_route=%2Fwp%2Fv2%2Fcategories&post=52740"},{"taxonomy":"post_tag","embeddable":true,"href":"https:\/\/2horizontes.com\/index.php?rest_route=%2Fwp%2Fv2%2Ftags&post=52740"}],"curies":[{"name":"wp","href":"https:\/\/api.w.org\/{rel}","templated":true}]}}