{"id":52665,"date":"2016-06-14T11:26:11","date_gmt":"2016-06-14T10:26:11","guid":{"rendered":"http:\/\/2horizontes.com\/?p=52665"},"modified":"2016-06-14T11:26:11","modified_gmt":"2016-06-14T10:26:11","slug":"un-muerto-y-un-herido-al-caer-cuando-limpiaban-cristales-en-un-hotel-de-ibiza","status":"publish","type":"post","link":"https:\/\/2horizontes.com\/?p=52665","title":{"rendered":"Un muerto y un herido al caer cuando limpiaban cristales en un hotel de Ibiza"},"content":{"rendered":"<p>Un hombre de 40 a\u00f1os ha muerto y otro ha resultado herido grave al caer este lunes desde la s\u00e9ptima planta de un hotel de Ibiza cuando limpiaban los cristales de la fachada, ha indicado el Servicio de Emergencias<\/p>\n<p>El hecho ha ocurrido hacia las 13:00 horas en el hotel Hard Rock de la Playa d&#8217;en Bossa, al que se envi\u00f3 una ambulancia convencional y otras dos con equipo de cuidados intensivos (UVI).<\/p>\n<p>La v\u00edctima mortal no respondi\u00f3 a la reanimaci\u00f3n cardiovascular realizada por los servicios de emergencia y muri\u00f3 en el lugar, mientras que el otro operario, de la misma edad, fue trasladado con un pron\u00f3stico reservado al hospital de Can Misses.<\/p>\n<p>La Guardia Civil ha informado de que los trabajadores, ambos de nacionalidad espa\u00f1ola, limpiaban los cristales del edificio colgados mediante un sistema de cuerdas. La Polic\u00eda Judicial ha abierto una investigaci\u00f3n sobre las causas.<\/p>\n<p>Tambi\u00e9n, un t\u00e9cnico de la Conselleria de Trabajo del Govern balear se ha desplazado al lugar del accidente, y ha iniciado la investigaci\u00f3n en coordinaci\u00f3n con la direcci\u00f3n general de Emergencias e Interior (112) y la Inspecci\u00f3n de Trabajo y la Seguridad Social.<\/p>\n","protected":false},"excerpt":{"rendered":"<p>Un hombre de 40 a\u00f1os ha muerto y otro ha resultado herido grave al caer este lunes desde la s\u00e9ptima planta de un hotel de Ibiza cuando limpiaban los cristales de la fachada, ha indicado el Servicio de Emergencias El hecho ha ocurrido hacia las 13:00 horas en el hotel Hard Rock de la Playa [&hellip;]<\/p>\n","protected":false},"author":3,"featured_media":52666,"comment_status":"open","ping_status":"open","sticky":false,"template":"","format":"standard","meta":{"footnotes":""},"categories":[85],"tags":[],"class_list":["post-52665","post","type-post","status-publish","format-standard","has-post-thumbnail","hentry","category-espana"],"_links":{"self":[{"href":"https:\/\/2horizontes.com\/index.php?rest_route=\/wp\/v2\/posts\/52665","targetHints":{"allow":["GET"]}}],"collection":[{"href":"https:\/\/2horizontes.com\/index.php?rest_route=\/wp\/v2\/posts"}],"about":[{"href":"https:\/\/2horizontes.com\/index.php?rest_route=\/wp\/v2\/types\/post"}],"author":[{"embeddable":true,"href":"https:\/\/2horizontes.com\/index.php?rest_route=\/wp\/v2\/users\/3"}],"replies":[{"embeddable":true,"href":"https:\/\/2horizontes.com\/index.php?rest_route=%2Fwp%2Fv2%2Fcomments&post=52665"}],"version-history":[{"count":1,"href":"https:\/\/2horizontes.com\/index.php?rest_route=\/wp\/v2\/posts\/52665\/revisions"}],"predecessor-version":[{"id":52667,"href":"https:\/\/2horizontes.com\/index.php?rest_route=\/wp\/v2\/posts\/52665\/revisions\/52667"}],"wp:featuredmedia":[{"embeddable":true,"href":"https:\/\/2horizontes.com\/index.php?rest_route=\/wp\/v2\/media\/52666"}],"wp:attachment":[{"href":"https:\/\/2horizontes.com\/index.php?rest_route=%2Fwp%2Fv2%2Fmedia&parent=52665"}],"wp:term":[{"taxonomy":"category","embeddable":true,"href":"https:\/\/2horizontes.com\/index.php?rest_route=%2Fwp%2Fv2%2Fcategories&post=52665"},{"taxonomy":"post_tag","embeddable":true,"href":"https:\/\/2horizontes.com\/index.php?rest_route=%2Fwp%2Fv2%2Ftags&post=52665"}],"curies":[{"name":"wp","href":"https:\/\/api.w.org\/{rel}","templated":true}]}}