{"id":52609,"date":"2016-06-13T09:36:30","date_gmt":"2016-06-13T08:36:30","guid":{"rendered":"http:\/\/2horizontes.com\/?p=52609"},"modified":"2016-06-13T09:36:30","modified_gmt":"2016-06-13T08:36:30","slug":"espana-amplia-el-control-del-trafico-de-armas","status":"publish","type":"post","link":"https:\/\/2horizontes.com\/?p=52609","title":{"rendered":"Espa\u00f1a ampl\u00eda el control del tr\u00e1fico de armas"},"content":{"rendered":"<p>La preocupaci\u00f3n es m\u00e1xima. El Ministerio del Interior mantiene toda la tensi\u00f3n. Sabe -porque as\u00ed se lo han transmitido sus expertos antiterroristas- que estamos inmersos en fechas muy complicadas. Y una de las m\u00e1ximas preocupaciones es el blindaje de las fronteras: impermeabilizarlas contra el tr\u00e1fico de armas de guerra.<\/p>\n<p>As\u00ed, durante las \u00faltimas semanas, desde Interior se han adoptado medidas selectivas; sobre todo en la frontera norte, con Francia, para tratar de evitar el tr\u00e1fico de armas con destino terrorista. Pero, pese a que parece que el temor principal era que el paso de armas se produjera de Espa\u00f1a a Francia, los especialistas alertan del viaje en sentido contrario: de Francia a Espa\u00f1a.<\/p>\n<p>Porque, como apuntan documentos internos de los servicios antiterroristas, las fronteras terrestres y los puertos son las principales v\u00edas de entrada de material.<\/p>\n<p>Seg\u00fan informaron fuentes de la lucha antiterrorista, durante las \u00faltimas semanas, a las ya reforzadas medidas de seguridad se han sumado los controles en la frontera con Francia. Porque el temor es que desde el pa\u00eds vecino se intente hacer llegar a Espa\u00f1a material de guerra, armas y explosivos.<\/p>\n<p>Los servicios antiterroristas, no obstante, no quieren poner en marcha un control excesivamente visual en la frontera con Francia. Y han optado por \u00abcontroles aleatorios m\u00f3viles de carretera\u00bb instalados a lo largo de la frontera.<\/p>\n<p>Todos los analistas europeos coinciden en que la zona caliente de seguridad europea es ahora mismo Francia, no s\u00f3lo porque las \u00faltimas acciones de los terroristas yihadistas la han convertido en el foco mundial, sino tambi\u00e9n por los eventos deportivos como la Eurocopa, que convierten de nuevo a Par\u00eds en referencia para medio mundo.<\/p>\n<p>Saben que los terroristas buscan ese eco medi\u00e1tico siempre. Y saben que ya en los \u00faltimos atentados buscaron tambi\u00e9n provocar una masacre entre el p\u00fablico que asist\u00eda a un partido de f\u00fatbol. Sea como sea, los analistas tambi\u00e9n saben que cualquier actuaci\u00f3n en las pr\u00f3ximas semanas en Europa por parte de estos terroristas tendr\u00eda un eco mundial.<\/p>\n<p>Los especialistas conocen que los centros de reparto de explosivos siguen estando en Centroeuropa, por los rescoldos de la guerra de los Balcanes, y en las antiguas rep\u00fablicas sovi\u00e9ticas. Por eso aumenta el control en la zona norte, en la frontera francesa. Sin descuidar la zona sur, porque el otro tr\u00e1fico de armas potente se est\u00e1 produciendo desde el territorio libio.<\/p>\n<p>Los expertos han tenido muy en cuenta no s\u00f3lo los eventos franceses a la hora de tomar estas nuevas decisiones, sino tambi\u00e9n el armamento detectado en Ceuta por la Guardia Civil el pasado 8 de abril. En ese dep\u00f3sito de Daesh hab\u00eda seis armas de diferentes calibres y m\u00e1s de 800 cartuchos de munici\u00f3n. Ese zulo hizo aumentar la ya de por si alta alerta antiterrorista.<\/p>\n<p>Porque, como siempre recuerdan los analistas, Espa\u00f1a est\u00e1 a un paso -nivel 4 alto- de la alerta m\u00e1xima antiterrorista, que supondr\u00eda b\u00e1sicamente la intervenci\u00f3n directa del Ej\u00e9rcito en el despliegue.<\/p>\n<p>\u00abDebido a la fragilidad de las fronteras en el espacio Schengen podr\u00edan llegar armas procedentes de los mercados negros de Centroeuropa a Espa\u00f1a en cualquier momento, y es conveniente la utilizaci\u00f3n aleatoria de controles de carreteras en las v\u00edas o puntos clave de acceso desde Francia\u00bb, apuntan documentos antiterroristas.<\/p>\n<p>Insisten en que en los \u00faltimos meses han sido varios los alijos de armas incautados por las Fuerzas de Seguridad, como el de Ceuta. Tambi\u00e9n recuerdan c\u00f3mo se intervino en la frontera con Francia un veh\u00edculo procedente del pa\u00eds vecino cargado de armas de guerra. Aunque posteriormente se comprob\u00f3 que pertenec\u00edan al crimen organizado, el \u00abruido\u00bb del terrorismo internacional volvi\u00f3 a sembrar el temor entre los servicios antiterroristas europeos a lo largo de varias horas.<\/p>\n<p>Especialmente significativa fue la detenci\u00f3n en Ucrania, el pasado mes de mayo, de un franc\u00e9s que preparaba hasta 15 atentados en Francia para perpetrarlos antes y durante la Eurocopa de f\u00fatbol, y a quien incautaron un arsenal de guerra, compuesto de 125 kilos de TNT, dos cohetes antitanques, cinco fusiles de asalto Kalashnikov y m\u00e1s de 5.000 municiones. Entre sus objetivos figuraban mezquitas, sinagogas y oficinas de Hacienda.<\/p>\n<p>Esta captura ha aumentado a\u00fan m\u00e1s la preocupaci\u00f3n de los responsables de Interior. Como recuerdan en el Departamento de la Seguridad del Estado, la presi\u00f3n que existe en Espa\u00f1a para hacer frente al fen\u00f3meno del tr\u00e1fico de armas ha crecido desde la aprobaci\u00f3n de la Ley de Seguridad Ciudadana, que permite una actuaci\u00f3n m\u00e1s amplia a las Fuerzas policiales para buscar, localizar e intervenir armas.<\/p>\n<p>Y lo que se ha detectado son las conexiones entre el crimen organizado y el terrorismo para la adquisici\u00f3n de armas. Seg\u00fan datos de Interior, durante el pasado a\u00f1o se investigaron una veintena de grupos dedicados al tr\u00e1fico de armas y se realizaron 14 detenciones. Estos grupos estaban fundamentalmente compuestos por espa\u00f1oles y colombianos.<\/p>\n<p>Adem\u00e1s de las medidas internas acometidas, a nivel europeo Espa\u00f1a ha liderado varias iniciativas de inteligencia en el seno de la Uni\u00f3n para presionar m\u00e1s a las tramas dedicadas al tr\u00e1fico de armas.<\/p>\n<p>Existen en la Uni\u00f3n Europea planes estrat\u00e9gicos multianuales y planes anuales de acciones operativas. Son los resultados de estos planes los que m\u00e1s han puesto de relieve \u00ablos v\u00ednculos contrastados entre el terrorismo de nuevo cu\u00f1o y la delincuencia organizada, que es el tr\u00e1fico y disponibilidad de armas de fuego\u00bb, apuntan documentos internos antiterroristas.<\/p>\n<p>El manual del &#8216;libro bomba&#8217;<\/p>\n<p>La revista Inspire es el aparato de propaganda m\u00e1s moderno de Al Qaeda en la Pen\u00ednsula Ar\u00e1biga y tambi\u00e9n uno de los m\u00e1s temidos por Occidente. Se trata del manual del guerrillero moderno y con pocos recursos. Ofrece ideas para atentar desde casa y con elementos cotidianos, que no levantan sospechas en los servicios de Inteligencia.<\/p>\n<p>En su \u00faltimo ejemplar detalla c\u00f3mo fabricar bombas artesanalmente. En un lenguaje muy claro, aderezado con fotograf\u00edas expl\u00edcitas, deja en manos de sus simpatizantes la posibilidad de decidir individualmente llevar a cabo actos terroristas con explosivos. La fabricaci\u00f3n es sencilla y la difusi\u00f3n del manual, tambi\u00e9n f\u00e1cil y c\u00f3moda. En este ejemplar detalla paso a paso, con una decena de im\u00e1genes, c\u00f3mo fabricar un libro bomba y una bomba artesanal para adosar a los bajos de un veh\u00edculo. El magac\u00edn est\u00e1 principalmente dirigido a los musulmanes que viven en Estados Unidos. Escrito en un ingl\u00e9s sencillo, Inspire constituye hoy una de las grandes preocupaciones de la seguridad antiterrorista mundial.<\/p>\n","protected":false},"excerpt":{"rendered":"<p>La preocupaci\u00f3n es m\u00e1xima. El Ministerio del Interior mantiene toda la tensi\u00f3n. Sabe -porque as\u00ed se lo han transmitido sus expertos antiterroristas- que estamos inmersos en fechas muy complicadas. Y una de las m\u00e1ximas preocupaciones es el blindaje de las fronteras: impermeabilizarlas contra el tr\u00e1fico de armas de guerra. As\u00ed, durante las \u00faltimas semanas, desde [&hellip;]<\/p>\n","protected":false},"author":3,"featured_media":52610,"comment_status":"open","ping_status":"open","sticky":false,"template":"","format":"standard","meta":{"footnotes":""},"categories":[85,86],"tags":[],"class_list":["post-52609","post","type-post","status-publish","format-standard","has-post-thumbnail","hentry","category-espana","category-europa"],"_links":{"self":[{"href":"https:\/\/2horizontes.com\/index.php?rest_route=\/wp\/v2\/posts\/52609","targetHints":{"allow":["GET"]}}],"collection":[{"href":"https:\/\/2horizontes.com\/index.php?rest_route=\/wp\/v2\/posts"}],"about":[{"href":"https:\/\/2horizontes.com\/index.php?rest_route=\/wp\/v2\/types\/post"}],"author":[{"embeddable":true,"href":"https:\/\/2horizontes.com\/index.php?rest_route=\/wp\/v2\/users\/3"}],"replies":[{"embeddable":true,"href":"https:\/\/2horizontes.com\/index.php?rest_route=%2Fwp%2Fv2%2Fcomments&post=52609"}],"version-history":[{"count":1,"href":"https:\/\/2horizontes.com\/index.php?rest_route=\/wp\/v2\/posts\/52609\/revisions"}],"predecessor-version":[{"id":52611,"href":"https:\/\/2horizontes.com\/index.php?rest_route=\/wp\/v2\/posts\/52609\/revisions\/52611"}],"wp:featuredmedia":[{"embeddable":true,"href":"https:\/\/2horizontes.com\/index.php?rest_route=\/wp\/v2\/media\/52610"}],"wp:attachment":[{"href":"https:\/\/2horizontes.com\/index.php?rest_route=%2Fwp%2Fv2%2Fmedia&parent=52609"}],"wp:term":[{"taxonomy":"category","embeddable":true,"href":"https:\/\/2horizontes.com\/index.php?rest_route=%2Fwp%2Fv2%2Fcategories&post=52609"},{"taxonomy":"post_tag","embeddable":true,"href":"https:\/\/2horizontes.com\/index.php?rest_route=%2Fwp%2Fv2%2Ftags&post=52609"}],"curies":[{"name":"wp","href":"https:\/\/api.w.org\/{rel}","templated":true}]}}