{"id":52545,"date":"2016-06-12T11:23:42","date_gmt":"2016-06-12T10:23:42","guid":{"rendered":"http:\/\/2horizontes.com\/?p=52545"},"modified":"2016-06-12T11:23:42","modified_gmt":"2016-06-12T10:23:42","slug":"indignacion-en-italia-por-publicacion-de-libro-de-hitler","status":"publish","type":"post","link":"https:\/\/2horizontes.com\/?p=52545","title":{"rendered":"Indignaci\u00f3n en Italia por publicaci\u00f3n de libro de Hitler"},"content":{"rendered":"<div id=\"ArticleAuthorDiv\" class=\"article-body-author\"><b>AP<\/b><\/div>\n<div id=\"ArticleSourceDiv\" class=\"article-body-author\"><b>ROMA<\/b><\/div>\n<div id=\"ArticleBody\">\n<p>\u00a0Un diario italiano public\u00f3 \u00abMein Kampf\u00bb (\u00abMi lucha\u00bb), el libro que Adolfo Hitler escribi\u00f3 cuando estaba en prisi\u00f3n, lo que caus\u00f3 indignaci\u00f3n del primer ministro italiano y de la peque\u00f1a comunidad jud\u00eda del pa\u00eds.<\/p>\n<p>El diario de Mil\u00e1n Il Giornale entreg\u00f3 gratis el ejemplar a todo el que comprara el peri\u00f3dico junto con un ejemplar de \u00abAuge y ca\u00edda del Tercer Reich\u00bb, del historiador William Shirer.<\/p>\n<p>El diario ha estado publicando diversos escritos sobre la historia del nazismo y defendi\u00f3 su decisi\u00f3n aseverando que leer \u00abMein Kampf\u00bb \u00abes el mejor ant\u00eddoto contra las teor\u00edas t\u00f3xicas del nacional socialismo\u00bb.<\/p>\n<p>El director del diario, Alessandro Sallustri, se\u00f1al\u00f3 que la publicaci\u00f3n viene acompa\u00f1ada de comentarios explicativos.<\/p>\n<p>\u00abMein Kampf\u00bb contiene la disgregada ideolog\u00eda antisemita y anticomunista de Hitler, que al final llev\u00f3 a Alemania a lanzar una devastadora guerra de conquista por toda Europa y a emprender una campa\u00f1a de exterminio de jud\u00edos y otras minor\u00edas conocida como el Holocausto Jud\u00edo.<\/p>\n<p>El primer ministro Matteo Renzi se quej\u00f3 de la decisi\u00f3n del \u00abescu\u00e1lido\u00bb diario. L\u00edderes de la comunidad jud\u00eda italiana expresaron su pesar.<\/p>\n<\/div>\n","protected":false},"excerpt":{"rendered":"<p>AP ROMA \u00a0Un diario italiano public\u00f3 \u00abMein Kampf\u00bb (\u00abMi lucha\u00bb), el libro que Adolfo Hitler escribi\u00f3 cuando estaba en prisi\u00f3n, lo que caus\u00f3 indignaci\u00f3n del primer ministro italiano y de la peque\u00f1a comunidad jud\u00eda del pa\u00eds. El diario de Mil\u00e1n Il Giornale entreg\u00f3 gratis el ejemplar a todo el que comprara el peri\u00f3dico junto con [&hellip;]<\/p>\n","protected":false},"author":7,"featured_media":52546,"comment_status":"open","ping_status":"open","sticky":false,"template":"","format":"standard","meta":{"footnotes":""},"categories":[62,40],"tags":[],"class_list":["post-52545","post","type-post","status-publish","format-standard","has-post-thumbnail","hentry","category-cultura","category-internacionales"],"_links":{"self":[{"href":"https:\/\/2horizontes.com\/index.php?rest_route=\/wp\/v2\/posts\/52545","targetHints":{"allow":["GET"]}}],"collection":[{"href":"https:\/\/2horizontes.com\/index.php?rest_route=\/wp\/v2\/posts"}],"about":[{"href":"https:\/\/2horizontes.com\/index.php?rest_route=\/wp\/v2\/types\/post"}],"author":[{"embeddable":true,"href":"https:\/\/2horizontes.com\/index.php?rest_route=\/wp\/v2\/users\/7"}],"replies":[{"embeddable":true,"href":"https:\/\/2horizontes.com\/index.php?rest_route=%2Fwp%2Fv2%2Fcomments&post=52545"}],"version-history":[{"count":1,"href":"https:\/\/2horizontes.com\/index.php?rest_route=\/wp\/v2\/posts\/52545\/revisions"}],"predecessor-version":[{"id":52547,"href":"https:\/\/2horizontes.com\/index.php?rest_route=\/wp\/v2\/posts\/52545\/revisions\/52547"}],"wp:featuredmedia":[{"embeddable":true,"href":"https:\/\/2horizontes.com\/index.php?rest_route=\/wp\/v2\/media\/52546"}],"wp:attachment":[{"href":"https:\/\/2horizontes.com\/index.php?rest_route=%2Fwp%2Fv2%2Fmedia&parent=52545"}],"wp:term":[{"taxonomy":"category","embeddable":true,"href":"https:\/\/2horizontes.com\/index.php?rest_route=%2Fwp%2Fv2%2Fcategories&post=52545"},{"taxonomy":"post_tag","embeddable":true,"href":"https:\/\/2horizontes.com\/index.php?rest_route=%2Fwp%2Fv2%2Ftags&post=52545"}],"curies":[{"name":"wp","href":"https:\/\/api.w.org\/{rel}","templated":true}]}}