{"id":52533,"date":"2016-06-12T01:29:39","date_gmt":"2016-06-12T00:29:39","guid":{"rendered":"http:\/\/2horizontes.com\/?p=52533"},"modified":"2016-06-12T01:29:39","modified_gmt":"2016-06-12T00:29:39","slug":"fallece-una-mujer-de-50-anos-mientras-practicaba-submarinismo-en-lestartit","status":"publish","type":"post","link":"https:\/\/2horizontes.com\/?p=52533","title":{"rendered":"Fallece una mujer de 50 a\u00f1os mientras practicaba submarinismo en l\u2019Estartit"},"content":{"rendered":"<p>Los Mossos d\u2019Esquadra han confirmado que han localizado a una mujer de 52 a\u00f1os, de nacionalidad francesa, muerta mientras hac\u00eda submarinismo con un grupo de personas de un centro de inmersi\u00f3n de la localidad por la zona de las Islas Medes en L\u2019Estartit, en el Baix Empord\u00e0. La polic\u00eda y los servicios de emergencias han recibido el aviso de alerta alrededor de la seis de la tarde.<\/p>\n<p>Seg\u00fan han informado fuentes municipales, el accidente ha tenido lugar en torno a las 16.40 horas cuando la mujer ha empezado a encontrarse mal. Al percatarse de su estado, sus dos compa\u00f1eros de inmersi\u00f3n han decidido subir a superficie, y la mujer ha conseguido llegar consciente a la embarcaci\u00f3n de la empresa que hab\u00edan contratado, aunque poco despu\u00e9s ha perdido el conocimiento.<\/p>\n<p>Al lugar han acudido agentes del Grupo Especial de Actividades Subacu\u00e1ticas de la Guardia Civil y sanitarios del Sistema de Emergencias M\u00e9dicas (SEM), que no han podido hacer nada por salvar la vida de la submarinista, que habr\u00eda sufrido una parada cardiorespiratoria. La mujer estaba alojada en un hotel de l\u2019Estartit, donde pasaba unos d\u00edas de vacaciones .<\/p>\n","protected":false},"excerpt":{"rendered":"<p>Los Mossos d\u2019Esquadra han confirmado que han localizado a una mujer de 52 a\u00f1os, de nacionalidad francesa, muerta mientras hac\u00eda submarinismo con un grupo de personas de un centro de inmersi\u00f3n de la localidad por la zona de las Islas Medes en L\u2019Estartit, en el Baix Empord\u00e0. La polic\u00eda y los servicios de emergencias han [&hellip;]<\/p>\n","protected":false},"author":3,"featured_media":52534,"comment_status":"open","ping_status":"open","sticky":false,"template":"","format":"standard","meta":{"footnotes":""},"categories":[85],"tags":[],"class_list":["post-52533","post","type-post","status-publish","format-standard","has-post-thumbnail","hentry","category-espana"],"_links":{"self":[{"href":"https:\/\/2horizontes.com\/index.php?rest_route=\/wp\/v2\/posts\/52533","targetHints":{"allow":["GET"]}}],"collection":[{"href":"https:\/\/2horizontes.com\/index.php?rest_route=\/wp\/v2\/posts"}],"about":[{"href":"https:\/\/2horizontes.com\/index.php?rest_route=\/wp\/v2\/types\/post"}],"author":[{"embeddable":true,"href":"https:\/\/2horizontes.com\/index.php?rest_route=\/wp\/v2\/users\/3"}],"replies":[{"embeddable":true,"href":"https:\/\/2horizontes.com\/index.php?rest_route=%2Fwp%2Fv2%2Fcomments&post=52533"}],"version-history":[{"count":1,"href":"https:\/\/2horizontes.com\/index.php?rest_route=\/wp\/v2\/posts\/52533\/revisions"}],"predecessor-version":[{"id":52535,"href":"https:\/\/2horizontes.com\/index.php?rest_route=\/wp\/v2\/posts\/52533\/revisions\/52535"}],"wp:featuredmedia":[{"embeddable":true,"href":"https:\/\/2horizontes.com\/index.php?rest_route=\/wp\/v2\/media\/52534"}],"wp:attachment":[{"href":"https:\/\/2horizontes.com\/index.php?rest_route=%2Fwp%2Fv2%2Fmedia&parent=52533"}],"wp:term":[{"taxonomy":"category","embeddable":true,"href":"https:\/\/2horizontes.com\/index.php?rest_route=%2Fwp%2Fv2%2Fcategories&post=52533"},{"taxonomy":"post_tag","embeddable":true,"href":"https:\/\/2horizontes.com\/index.php?rest_route=%2Fwp%2Fv2%2Ftags&post=52533"}],"curies":[{"name":"wp","href":"https:\/\/api.w.org\/{rel}","templated":true}]}}