{"id":52514,"date":"2016-06-10T21:41:46","date_gmt":"2016-06-10T20:41:46","guid":{"rendered":"http:\/\/2horizontes.com\/?p=52514"},"modified":"2016-06-10T21:41:46","modified_gmt":"2016-06-10T20:41:46","slug":"una-pareja-transexual-presenta-a-su-bebe","status":"publish","type":"post","link":"https:\/\/2horizontes.com\/?p=52514","title":{"rendered":"Una pareja transexual presenta a su beb\u00e9"},"content":{"rendered":"<p>Transexuales ambos y activistas de la comunidad LGTB, Diane Rodr\u00edguez, ecuatoriana de 34 a\u00f1os de eada, y Fernando Machado, venezolano de 23 a\u00f1os de edad, han compartido en las redes sociales su felicidad por el nacimiento de su primer beb\u00e9, el pasado 31 de mayo.<\/p>\n<p>Luego de 9 meses de embarazo, hemos decidido hacer p\u00fablico el nacimiento de nuestro hijo. Este representa un hecho iconico para los derechos de las familias diversas (LGBTI) en Ecuador. Hemos recibido con todo el amor y cari\u00f1o del mundo a nuestrx hijx, cuyo registro de su nombre lo haremos en los siguientes meses.<\/p>\n<p>Muchas gracias a todos por sus buenos deseos, no hemos visto mensajes negativos con la foto del quir\u00f3fano de Fernando y la m\u00eda; eso quiere decir q estamos cumpliendo nuestro fin, y es conquistando y sensibilizando a quienes no entendieron nuestra relaci\u00f3n LGBT. Vamos cambiando nuestro contexto. Nuestro hijo es la revoluci\u00f3n del amor\u00bb, publica Diane Marie Rodriguez en su perfil de Facebook, acompa\u00f1ado de varias im\u00e1genes de la pareja con su beb\u00e9.<\/p>\n<p>Fernando y Diana con su beb\u00e9 &#8211; Foto: Uso permitido<\/p>\n<p>Se conocieron a trav\u00e9s de Facebook, cuando ambos viv\u00edan todav\u00eda en sus respectivos pa\u00edses de origen. Tras s\u00f3lo una semana de conversaciones, \u00e9l se traslad\u00f3 a Guayaquil, en Ecuador, y en agosto cumplen un a\u00f1o juntos. \u00abNinguno tenemos reasignaci\u00f3n sexual, cada uno conservamos nuestros genitales\u00bb, asegura Diane, explicando s\u00ed se han sometido a procesos de hormonizaci\u00f3n y cirug\u00edas. \u00abAl mes de que nos conocimos me embarac\u00e9. Ha sido una bendici\u00f3n para ambos, yo nunca he sido tan feliz\u00bb, explica Fernando, que se hizo un test de embarazo una semana despu\u00e9s de darse cuenta de que ten\u00eda un retraso.<\/p>\n<p>\u00abCon la visibilizaci\u00f3n de nuestra familia, tratamos de que el resto, poco a poco, puedan salir a la luz y de que no sufran ninguna discriminaci\u00f3n. Es nuestra situaci\u00f3n personal, combinada con activismo\u00bb, declara Diana cuando explica que ellos no son la \u00fanica pareja transexual en convertirse en padre y madre, s\u00f3lo que otras personas no comparten su situaci\u00f3n por miedo a la discriminaci\u00f3n. \u00abSiempre va a haber discriminaci\u00f3n. Si un ni\u00f1o es gordito, si es bajito, por su color\u2026 Lo importante es que vamos a educar a nuestro beb\u00e9 para que sea un portador de amor y \u00e9l va a educar a todo aquel que lo discrimine\u00bb, resalta Fernando.<\/p>\n","protected":false},"excerpt":{"rendered":"<p>Transexuales ambos y activistas de la comunidad LGTB, Diane Rodr\u00edguez, ecuatoriana de 34 a\u00f1os de eada, y Fernando Machado, venezolano de 23 a\u00f1os de edad, han compartido en las redes sociales su felicidad por el nacimiento de su primer beb\u00e9, el pasado 31 de mayo. Luego de 9 meses de embarazo, hemos decidido hacer p\u00fablico [&hellip;]<\/p>\n","protected":false},"author":3,"featured_media":52515,"comment_status":"open","ping_status":"open","sticky":false,"template":"","format":"standard","meta":{"footnotes":""},"categories":[57],"tags":[],"class_list":["post-52514","post","type-post","status-publish","format-standard","has-post-thumbnail","hentry","category-mundo-gay"],"_links":{"self":[{"href":"https:\/\/2horizontes.com\/index.php?rest_route=\/wp\/v2\/posts\/52514","targetHints":{"allow":["GET"]}}],"collection":[{"href":"https:\/\/2horizontes.com\/index.php?rest_route=\/wp\/v2\/posts"}],"about":[{"href":"https:\/\/2horizontes.com\/index.php?rest_route=\/wp\/v2\/types\/post"}],"author":[{"embeddable":true,"href":"https:\/\/2horizontes.com\/index.php?rest_route=\/wp\/v2\/users\/3"}],"replies":[{"embeddable":true,"href":"https:\/\/2horizontes.com\/index.php?rest_route=%2Fwp%2Fv2%2Fcomments&post=52514"}],"version-history":[{"count":1,"href":"https:\/\/2horizontes.com\/index.php?rest_route=\/wp\/v2\/posts\/52514\/revisions"}],"predecessor-version":[{"id":52516,"href":"https:\/\/2horizontes.com\/index.php?rest_route=\/wp\/v2\/posts\/52514\/revisions\/52516"}],"wp:featuredmedia":[{"embeddable":true,"href":"https:\/\/2horizontes.com\/index.php?rest_route=\/wp\/v2\/media\/52515"}],"wp:attachment":[{"href":"https:\/\/2horizontes.com\/index.php?rest_route=%2Fwp%2Fv2%2Fmedia&parent=52514"}],"wp:term":[{"taxonomy":"category","embeddable":true,"href":"https:\/\/2horizontes.com\/index.php?rest_route=%2Fwp%2Fv2%2Fcategories&post=52514"},{"taxonomy":"post_tag","embeddable":true,"href":"https:\/\/2horizontes.com\/index.php?rest_route=%2Fwp%2Fv2%2Ftags&post=52514"}],"curies":[{"name":"wp","href":"https:\/\/api.w.org\/{rel}","templated":true}]}}