{"id":52484,"date":"2016-06-10T11:23:05","date_gmt":"2016-06-10T10:23:05","guid":{"rendered":"http:\/\/2horizontes.com\/?p=52484"},"modified":"2016-06-10T11:23:05","modified_gmt":"2016-06-10T10:23:05","slug":"buque-de-prueba-cruza-por-primera-vez-el-nuevo-canal-de-panama","status":"publish","type":"post","link":"https:\/\/2horizontes.com\/?p=52484","title":{"rendered":"Buque de prueba cruza por primera vez el nuevo Canal de Panam\u00e1"},"content":{"rendered":"<div id=\"ArticleAuthorDiv\" class=\"article-body-author\"><b>EFE<\/b><\/div>\n<div id=\"ArticleSourceDiv\" class=\"article-body-author\"><b>Col\u00f3n (Panam\u00e1)<\/b><\/div>\n<div id=\"ArticleBody\">\n<p>El buque alquilado por el Canal de Panam\u00e1 para realizar pruebas de navegaci\u00f3n antes de la inauguraci\u00f3n del ensanche el pr\u00f3ximo 26 de junio cruz\u00f3 ayer \u00abcon \u00e9xito\u00bb por las nuevas esclusas de la vertiente Atl\u00e1ntica ante la mirada atenta de cientos de trabajadores.<\/p>\n<p>\u00abTodo est\u00e1 funcionando a la perfecci\u00f3n. La ecualizaci\u00f3n ha sido muy, muy suave, as\u00ed que estoy bien contento\u00bb, dijo ayer el presidente del principal contratista de la ampliaci\u00f3n, Grupos Unidos por el Canal (GUPC), Giuseppe Quarta.<\/p>\n<p>El barco Baroque, que lleg\u00f3 ael mi\u00e9rcoles a Panam\u00e1 procedente de Brasil y mide 255 metros de eslora y 43 metros de manga, tard\u00f3 cerca de dos horas y media en cruzar las tres c\u00e1maras de las esclusas de Agua Clara, ubicadas en la ciudad caribe\u00f1a de Col\u00f3n.<\/p>\n<\/div>\n","protected":false},"excerpt":{"rendered":"<p>EFE Col\u00f3n (Panam\u00e1) El buque alquilado por el Canal de Panam\u00e1 para realizar pruebas de navegaci\u00f3n antes de la inauguraci\u00f3n del ensanche el pr\u00f3ximo 26 de junio cruz\u00f3 ayer \u00abcon \u00e9xito\u00bb por las nuevas esclusas de la vertiente Atl\u00e1ntica ante la mirada atenta de cientos de trabajadores. \u00abTodo est\u00e1 funcionando a la perfecci\u00f3n. La ecualizaci\u00f3n [&hellip;]<\/p>\n","protected":false},"author":7,"featured_media":52485,"comment_status":"open","ping_status":"open","sticky":false,"template":"","format":"standard","meta":{"footnotes":""},"categories":[63,40],"tags":[],"class_list":["post-52484","post","type-post","status-publish","format-standard","has-post-thumbnail","hentry","category-economia","category-internacionales"],"_links":{"self":[{"href":"https:\/\/2horizontes.com\/index.php?rest_route=\/wp\/v2\/posts\/52484","targetHints":{"allow":["GET"]}}],"collection":[{"href":"https:\/\/2horizontes.com\/index.php?rest_route=\/wp\/v2\/posts"}],"about":[{"href":"https:\/\/2horizontes.com\/index.php?rest_route=\/wp\/v2\/types\/post"}],"author":[{"embeddable":true,"href":"https:\/\/2horizontes.com\/index.php?rest_route=\/wp\/v2\/users\/7"}],"replies":[{"embeddable":true,"href":"https:\/\/2horizontes.com\/index.php?rest_route=%2Fwp%2Fv2%2Fcomments&post=52484"}],"version-history":[{"count":1,"href":"https:\/\/2horizontes.com\/index.php?rest_route=\/wp\/v2\/posts\/52484\/revisions"}],"predecessor-version":[{"id":52486,"href":"https:\/\/2horizontes.com\/index.php?rest_route=\/wp\/v2\/posts\/52484\/revisions\/52486"}],"wp:featuredmedia":[{"embeddable":true,"href":"https:\/\/2horizontes.com\/index.php?rest_route=\/wp\/v2\/media\/52485"}],"wp:attachment":[{"href":"https:\/\/2horizontes.com\/index.php?rest_route=%2Fwp%2Fv2%2Fmedia&parent=52484"}],"wp:term":[{"taxonomy":"category","embeddable":true,"href":"https:\/\/2horizontes.com\/index.php?rest_route=%2Fwp%2Fv2%2Fcategories&post=52484"},{"taxonomy":"post_tag","embeddable":true,"href":"https:\/\/2horizontes.com\/index.php?rest_route=%2Fwp%2Fv2%2Ftags&post=52484"}],"curies":[{"name":"wp","href":"https:\/\/api.w.org\/{rel}","templated":true}]}}