{"id":52366,"date":"2016-06-08T14:30:50","date_gmt":"2016-06-08T13:30:50","guid":{"rendered":"http:\/\/2horizontes.com\/?p=52366"},"modified":"2016-06-08T14:30:50","modified_gmt":"2016-06-08T13:30:50","slug":"la-amenaza-terrorista-a-la-eurocopa-es-grave-dice-david-cameron","status":"publish","type":"post","link":"https:\/\/2horizontes.com\/?p=52366","title":{"rendered":"La amenaza terrorista a la Eurocopa es \u00abgrave\u00bb, dice David Cameron"},"content":{"rendered":"<p><strong>Reino Unido<\/strong><\/p>\n<p><strong>(CNN) &#8211; <\/strong>El primer ministro de Reino Unido David Cameron dijo este mi\u00e9rcoles frente al Parlamento de su pa\u00eds que es importante que el medio mill\u00f3n de personas que viajar\u00e1n desde el Reino Unido a Francia para la Eurocopa 2016 sean conscientes de la amenaza \u00abgrave\u00bb del terrorismo en el torneo.<br \/>\n<span id=\"more-292886\"><\/span><\/p>\n<p>\u00abSe trata de un esfuerzo de seguridad muy grande. Hemos establecido consejos de viaje muy claros, porque la gente necesita saber, obviamente, hay una amenaza terrorista importante en Francia y hay una amenaza potencial para este torneo\u00bb.<\/p>\n<p>\u00abLa seguridad operativa francesa es enorme\u00bb, a\u00f1adi\u00f3.<\/p>\n<p>Este lunes el servicio de seguridad de Ucrania arrest\u00f3 a un ciudadano franc\u00e9s y a un c\u00f3mplice que planeaban ataques terroristas durante la celebraci\u00f3n de la Eurocopa 2016.<\/p>\n<p>\u00abEl Servicio de Seguridad de Ucrania ha identificado un grupo terrorista que planeaba varios ataques terroristas en Francia durante la Eurocopa 2016\u00bb, se lee en un comunicado del organismo ucraniano.<\/p>\n<p>El ciudadano franc\u00e9s fue detenido a finales del pasado mes de mayo, seg\u00fan el comunicado, en un puesto de control en la frontera con Polonia, cuando trataba de pasar armas y explosivos por la frontera.<\/p>\n<p>Llevaba cinco rifles Kalashnikovs, con 1.080 balas cada uno, dos lanzacohetes antitanques, 125 kilos de dinamita y 100 detonadores.<\/p>\n<p>En abril de este a\u00f1o se revel\u00f3 que la c\u00e9lula terrorista de ISIS que llev\u00f3 a cabo el ataque de Par\u00eds y Bruselas planeaba atacar la Eurocopa en Francia, seg\u00fan le dijo Mohammed Abrini a los interrogadores, le afirm\u00f3 a CNN en ese entonces una fuente cercana de la investigaci\u00f3n.<\/p>\n<p>Un computador usado por los hermanos Bakraaoui brothers que fue encontrado en una caneca a las afueras del lugar donde el grupo fabricaba bombas en Bruselas, conten\u00eda archivos que indicaban que el centro comercial &#8216;La Defense&#8217; en Par\u00eds y una asociaci\u00f3n cat\u00f3lica eran blancos posibles considerados por la c\u00e9lula.<\/p>\n<p>El computador tambi\u00e9n conten\u00eda archivos de audio de varios minutos de uno de los hermanos Bakraoui hablando desde B\u00e9lgica con quien los investigadores creen que es un operador de alto rango en Siria, seg\u00fan la fuente. Durante la llamada, el hermano y el comandante de ISIS discutieron ideas sobre ataques futuros y blancos espec\u00edficos en Francia y B\u00e9lgica, incluyendo d\u00f3nde y c\u00f3mo llevar a cabo los atentados, cu\u00e1ntas c\u00e9lulas necesitar\u00edan y cu\u00e1ntos combatientes deber\u00edan permanecer en reserva para ataques futuros.<\/p>\n","protected":false},"excerpt":{"rendered":"<p>Reino Unido (CNN) &#8211; El primer ministro de Reino Unido David Cameron dijo este mi\u00e9rcoles frente al Parlamento de su pa\u00eds que es importante que el medio mill\u00f3n de personas que viajar\u00e1n desde el Reino Unido a Francia para la Eurocopa 2016 sean conscientes de la amenaza \u00abgrave\u00bb del terrorismo en el torneo. \u00abSe trata [&hellip;]<\/p>\n","protected":false},"author":7,"featured_media":52367,"comment_status":"open","ping_status":"open","sticky":false,"template":"","format":"standard","meta":{"footnotes":""},"categories":[40],"tags":[],"class_list":["post-52366","post","type-post","status-publish","format-standard","has-post-thumbnail","hentry","category-internacionales"],"_links":{"self":[{"href":"https:\/\/2horizontes.com\/index.php?rest_route=\/wp\/v2\/posts\/52366","targetHints":{"allow":["GET"]}}],"collection":[{"href":"https:\/\/2horizontes.com\/index.php?rest_route=\/wp\/v2\/posts"}],"about":[{"href":"https:\/\/2horizontes.com\/index.php?rest_route=\/wp\/v2\/types\/post"}],"author":[{"embeddable":true,"href":"https:\/\/2horizontes.com\/index.php?rest_route=\/wp\/v2\/users\/7"}],"replies":[{"embeddable":true,"href":"https:\/\/2horizontes.com\/index.php?rest_route=%2Fwp%2Fv2%2Fcomments&post=52366"}],"version-history":[{"count":1,"href":"https:\/\/2horizontes.com\/index.php?rest_route=\/wp\/v2\/posts\/52366\/revisions"}],"predecessor-version":[{"id":52368,"href":"https:\/\/2horizontes.com\/index.php?rest_route=\/wp\/v2\/posts\/52366\/revisions\/52368"}],"wp:featuredmedia":[{"embeddable":true,"href":"https:\/\/2horizontes.com\/index.php?rest_route=\/wp\/v2\/media\/52367"}],"wp:attachment":[{"href":"https:\/\/2horizontes.com\/index.php?rest_route=%2Fwp%2Fv2%2Fmedia&parent=52366"}],"wp:term":[{"taxonomy":"category","embeddable":true,"href":"https:\/\/2horizontes.com\/index.php?rest_route=%2Fwp%2Fv2%2Fcategories&post=52366"},{"taxonomy":"post_tag","embeddable":true,"href":"https:\/\/2horizontes.com\/index.php?rest_route=%2Fwp%2Fv2%2Ftags&post=52366"}],"curies":[{"name":"wp","href":"https:\/\/api.w.org\/{rel}","templated":true}]}}