{"id":52349,"date":"2016-06-08T13:47:45","date_gmt":"2016-06-08T12:47:45","guid":{"rendered":"http:\/\/2horizontes.com\/?p=52349"},"modified":"2016-06-08T13:47:45","modified_gmt":"2016-06-08T12:47:45","slug":"manifestaciones-violentas-en-haiti-por-invalidacion-de-comicios-de-octubre","status":"publish","type":"post","link":"https:\/\/2horizontes.com\/?p=52349","title":{"rendered":"Manifestaciones violentas en Hait\u00ed por invalidaci\u00f3n de comicios de octubre"},"content":{"rendered":"<div id=\"ArticleAuthorDiv\" class=\"article-body-author\"><b>EFE<\/b><\/div>\n<div id=\"ArticleSourceDiv\" class=\"article-body-author\"><b>Puerto Pr\u00edncipe<\/b><\/div>\n<div id=\"ArticleBody\">\n<p>Centenares de seguidores del Partido Haitiano Tet Kale (PHTK) tomaron ayer las calles de Puerto Pr\u00edncipe y protagonizaron actos violentos en protesta por la decisi\u00f3n del Consejo Electoral Provisional (CEP) de anular las elecciones presidenciales de octubre de 2015.<\/p>\n<p>Ayer, el CEP invalid\u00f3 las elecciones presidenciales celebradas el a\u00f1o pasado y su presidente, Leopold Berlanger, anunci\u00f3 en conferencia de prensa que el 9 de octubre se celebrar\u00e1 la primera vuelta y, en caso de ser necesario, la segunda tendr\u00e1 lugar el 8 de enero de 2017.<\/p>\n<p>Los manifestantes lanzaron piedras a veh\u00edculos y viviendas durante la mayor parte de la marcha mientras entonaban consignas como \u00abno reconocemos a la comisi\u00f3n, queremos segunda vuelta con dos candidatos\u00bb, y ped\u00edan la salida del poder del presidente interino, Jocelerme Privert.<\/p>\n<p>La formaci\u00f3n pol\u00edtica, cuyo candidato, Jovenel Moise, fue el m\u00e1s votado en los comicios de octubre de 2015 seg\u00fan los resultados que la Comisi\u00f3n de Verificaci\u00f3n no da por v\u00e1lidos, anunci\u00f3 nuevas movilizaciones contra la decisi\u00f3n del CEP y para pedir la salida de Privert cuyo mandato acaba oficialmente el pr\u00f3ximo martes 14 de junio.<\/p>\n<p>La primera ser\u00e1 el viernes 10 y la segunda el lunes 13 para pedir la salida del presidente interino, seg\u00fan indicaron los organizadores.<\/p>\n<p>El PHTK es el \u00fanico grupo pol\u00edtico que organiza movilizaciones para protestar contra el nuevo calendario electoral, que establece la nueva cita para el 9 de octubre, y para pedir la dimisi\u00f3n del presidente provisional.<\/p>\n<p>A una semana del fin del mandato de Privert no hay nada seguro sobre el futuro del la Presidencia, y el Parlamento no se re\u00fane en Asamblea Nacional desde hace tres semanas para votar el presupuesto del Estado presentado por el Gobierno.<\/p>\n<\/div>\n","protected":false},"excerpt":{"rendered":"<p>EFE Puerto Pr\u00edncipe Centenares de seguidores del Partido Haitiano Tet Kale (PHTK) tomaron ayer las calles de Puerto Pr\u00edncipe y protagonizaron actos violentos en protesta por la decisi\u00f3n del Consejo Electoral Provisional (CEP) de anular las elecciones presidenciales de octubre de 2015. Ayer, el CEP invalid\u00f3 las elecciones presidenciales celebradas el a\u00f1o pasado y su [&hellip;]<\/p>\n","protected":false},"author":7,"featured_media":52350,"comment_status":"open","ping_status":"open","sticky":false,"template":"","format":"standard","meta":{"footnotes":""},"categories":[47,40],"tags":[],"class_list":["post-52349","post","type-post","status-publish","format-standard","has-post-thumbnail","hentry","category-haiti","category-internacionales"],"_links":{"self":[{"href":"https:\/\/2horizontes.com\/index.php?rest_route=\/wp\/v2\/posts\/52349","targetHints":{"allow":["GET"]}}],"collection":[{"href":"https:\/\/2horizontes.com\/index.php?rest_route=\/wp\/v2\/posts"}],"about":[{"href":"https:\/\/2horizontes.com\/index.php?rest_route=\/wp\/v2\/types\/post"}],"author":[{"embeddable":true,"href":"https:\/\/2horizontes.com\/index.php?rest_route=\/wp\/v2\/users\/7"}],"replies":[{"embeddable":true,"href":"https:\/\/2horizontes.com\/index.php?rest_route=%2Fwp%2Fv2%2Fcomments&post=52349"}],"version-history":[{"count":1,"href":"https:\/\/2horizontes.com\/index.php?rest_route=\/wp\/v2\/posts\/52349\/revisions"}],"predecessor-version":[{"id":52351,"href":"https:\/\/2horizontes.com\/index.php?rest_route=\/wp\/v2\/posts\/52349\/revisions\/52351"}],"wp:featuredmedia":[{"embeddable":true,"href":"https:\/\/2horizontes.com\/index.php?rest_route=\/wp\/v2\/media\/52350"}],"wp:attachment":[{"href":"https:\/\/2horizontes.com\/index.php?rest_route=%2Fwp%2Fv2%2Fmedia&parent=52349"}],"wp:term":[{"taxonomy":"category","embeddable":true,"href":"https:\/\/2horizontes.com\/index.php?rest_route=%2Fwp%2Fv2%2Fcategories&post=52349"},{"taxonomy":"post_tag","embeddable":true,"href":"https:\/\/2horizontes.com\/index.php?rest_route=%2Fwp%2Fv2%2Ftags&post=52349"}],"curies":[{"name":"wp","href":"https:\/\/api.w.org\/{rel}","templated":true}]}}