{"id":5234,"date":"2015-04-28T23:51:35","date_gmt":"2015-04-28T22:51:35","guid":{"rendered":"http:\/\/2horizontes.com\/?p=5234"},"modified":"2015-04-28T23:51:35","modified_gmt":"2015-04-28T22:51:35","slug":"se-reune-con-diputados-pld-comision-de-comite-politico-para-reforma-constitucion","status":"publish","type":"post","link":"https:\/\/2horizontes.com\/?p=5234","title":{"rendered":"Se re\u00fane con diputados PLD comisi\u00f3n de Comit\u00e9 Pol\u00edtico para reforma Constituci\u00f3n"},"content":{"rendered":"<p>Por: ALI N\u00da\u00d1EZ<\/p>\n<p>SANTO DOMINGO, Rep\u00fablica Dominicana.- La Comisi\u00f3n del Comit\u00e9 Pol\u00edtico del Partido de la Liberaci\u00f3n Dominicana creada para elaborar un proyecto de reforma constitucional que permita la reelecci\u00f3n presidencial est\u00e1 reunida en estos momentos con diputados de esta organizaci\u00f3n  en el Congreso Nacional.<\/p>\n<p>El encuentro lo encabezan Reinaldo Pared, coordinador, Cristina Lizardo, presidenta del Senado; y  Abel MArt\u00ednez, presidente de la C\u00e1mara de Diputados.<\/p>\n<p>La ma\u00f1ana de este mi\u00e9rcoles los comisionados se reunir\u00e1n con senadores del partido gobernante. La reuni\u00f3n inicio pasadas las cuatro de la tarde en el local del bloque de diputados del PLD.<\/p>\n","protected":false},"excerpt":{"rendered":"<p>Por: ALI N\u00da\u00d1EZ SANTO DOMINGO, Rep\u00fablica Dominicana.- La Comisi\u00f3n del Comit\u00e9 Pol\u00edtico del Partido de la Liberaci\u00f3n Dominicana creada para elaborar un proyecto de reforma constitucional que permita la reelecci\u00f3n presidencial est\u00e1 reunida en estos momentos con diputados de esta organizaci\u00f3n en el Congreso Nacional. El encuentro lo encabezan Reinaldo Pared, coordinador, Cristina Lizardo, presidenta [&hellip;]<\/p>\n","protected":false},"author":1,"featured_media":5235,"comment_status":"open","ping_status":"open","sticky":false,"template":"","format":"standard","meta":{"footnotes":""},"categories":[43],"tags":[],"class_list":["post-5234","post","type-post","status-publish","format-standard","has-post-thumbnail","hentry","category-politica"],"_links":{"self":[{"href":"https:\/\/2horizontes.com\/index.php?rest_route=\/wp\/v2\/posts\/5234","targetHints":{"allow":["GET"]}}],"collection":[{"href":"https:\/\/2horizontes.com\/index.php?rest_route=\/wp\/v2\/posts"}],"about":[{"href":"https:\/\/2horizontes.com\/index.php?rest_route=\/wp\/v2\/types\/post"}],"author":[{"embeddable":true,"href":"https:\/\/2horizontes.com\/index.php?rest_route=\/wp\/v2\/users\/1"}],"replies":[{"embeddable":true,"href":"https:\/\/2horizontes.com\/index.php?rest_route=%2Fwp%2Fv2%2Fcomments&post=5234"}],"version-history":[{"count":1,"href":"https:\/\/2horizontes.com\/index.php?rest_route=\/wp\/v2\/posts\/5234\/revisions"}],"predecessor-version":[{"id":5236,"href":"https:\/\/2horizontes.com\/index.php?rest_route=\/wp\/v2\/posts\/5234\/revisions\/5236"}],"wp:featuredmedia":[{"embeddable":true,"href":"https:\/\/2horizontes.com\/index.php?rest_route=\/wp\/v2\/media\/5235"}],"wp:attachment":[{"href":"https:\/\/2horizontes.com\/index.php?rest_route=%2Fwp%2Fv2%2Fmedia&parent=5234"}],"wp:term":[{"taxonomy":"category","embeddable":true,"href":"https:\/\/2horizontes.com\/index.php?rest_route=%2Fwp%2Fv2%2Fcategories&post=5234"},{"taxonomy":"post_tag","embeddable":true,"href":"https:\/\/2horizontes.com\/index.php?rest_route=%2Fwp%2Fv2%2Ftags&post=5234"}],"curies":[{"name":"wp","href":"https:\/\/api.w.org\/{rel}","templated":true}]}}