{"id":52296,"date":"2016-06-07T20:11:24","date_gmt":"2016-06-07T19:11:24","guid":{"rendered":"http:\/\/2horizontes.com\/?p=52296"},"modified":"2016-06-07T20:11:24","modified_gmt":"2016-06-07T19:11:24","slug":"karla-fatule-y-javier-grullon-anuncian-embarazo-de-su-segundo-hijo","status":"publish","type":"post","link":"https:\/\/2horizontes.com\/?p=52296","title":{"rendered":"Karla Fatule y Javier Grull\u00f3n anuncian embarazo de su segundo hijo"},"content":{"rendered":"<div class=\"text\">\n<p>SANTO DOMINGO. La actriz Karla Fatule dio a conocer su segundo embarazo en un divertido v\u00eddeo acompa\u00f1ada de su esposo, el actor Javier Gull\u00f3n, donde le dicen a su hijo Noah que tendr\u00e1 un hermanito.<\/p>\n<p>En el audiovisual publicado por la hija de los comunicadores Tania B\u00e1ez y Carlos Alfredo Fatule en su cuenta de Instagram se muestra la espont\u00e1nea reacci\u00f3n del primog\u00e9nito de la joven, quien tard\u00f3 unos segundos en mostrar su alegr\u00eda por la llegada del nuevo integrante de la familia.<\/p>\n<p>\u201cHoy la alegr\u00eda corre por toda mi familia, y quiero hacerlos parte desde el principito, por qu\u00e9 ustedes siempre han estado ah\u00ed para m\u00ed. Tenemos una emoci\u00f3n que no se puede explicar en palabras&#8230;.As\u00ed mismo como act\u00faa Noah jaja. Ahora s\u00ed: 2+2=4\u201d, con estas palabras la tambi\u00e9n cantante dio la nueva buena.<\/p>\n<p>En otra publicaci\u00f3n Fatule agradeci\u00f3 las congratulaciones por la noticia: \u201cGracias a tod@s por sus felicitaciones, los siento bien cerquita! Ahora acomp\u00e1\u00f1enme en esta traves\u00eda\u201d, expres\u00f3.<\/p>\n<p>El ex integrante del grupo \u201cAura\u201d tambi\u00e9n se mostr\u00f3 agradecido por las felicitaciones de los seguidores tras el anuncio. \u201cGracias a TODOS por sus hermosos mensajes de verdad que significa much\u00edsimo. Que Dios me le de mucha salud. #MiNuevoAmorEnCamino\u201d, escribi\u00f3 Grull\u00f3n.<\/p>\n<p>Karla Fatule y Javier Gull\u00f3n se casaron en 2012. En enero del 2013 naci\u00f3 Noah.<\/p>\n<\/div>\n","protected":false},"excerpt":{"rendered":"<p>SANTO DOMINGO. La actriz Karla Fatule dio a conocer su segundo embarazo en un divertido v\u00eddeo acompa\u00f1ada de su esposo, el actor Javier Gull\u00f3n, donde le dicen a su hijo Noah que tendr\u00e1 un hermanito. En el audiovisual publicado por la hija de los comunicadores Tania B\u00e1ez y Carlos Alfredo Fatule en su cuenta de [&hellip;]<\/p>\n","protected":false},"author":13240,"featured_media":52297,"comment_status":"open","ping_status":"open","sticky":false,"template":"","format":"standard","meta":{"footnotes":""},"categories":[1,44],"tags":[],"class_list":["post-52296","post","type-post","status-publish","format-standard","has-post-thumbnail","hentry","category-entretenimiento","category-republica-dominicana"],"_links":{"self":[{"href":"https:\/\/2horizontes.com\/index.php?rest_route=\/wp\/v2\/posts\/52296","targetHints":{"allow":["GET"]}}],"collection":[{"href":"https:\/\/2horizontes.com\/index.php?rest_route=\/wp\/v2\/posts"}],"about":[{"href":"https:\/\/2horizontes.com\/index.php?rest_route=\/wp\/v2\/types\/post"}],"author":[{"embeddable":true,"href":"https:\/\/2horizontes.com\/index.php?rest_route=\/wp\/v2\/users\/13240"}],"replies":[{"embeddable":true,"href":"https:\/\/2horizontes.com\/index.php?rest_route=%2Fwp%2Fv2%2Fcomments&post=52296"}],"version-history":[{"count":2,"href":"https:\/\/2horizontes.com\/index.php?rest_route=\/wp\/v2\/posts\/52296\/revisions"}],"predecessor-version":[{"id":52301,"href":"https:\/\/2horizontes.com\/index.php?rest_route=\/wp\/v2\/posts\/52296\/revisions\/52301"}],"wp:featuredmedia":[{"embeddable":true,"href":"https:\/\/2horizontes.com\/index.php?rest_route=\/wp\/v2\/media\/52297"}],"wp:attachment":[{"href":"https:\/\/2horizontes.com\/index.php?rest_route=%2Fwp%2Fv2%2Fmedia&parent=52296"}],"wp:term":[{"taxonomy":"category","embeddable":true,"href":"https:\/\/2horizontes.com\/index.php?rest_route=%2Fwp%2Fv2%2Fcategories&post=52296"},{"taxonomy":"post_tag","embeddable":true,"href":"https:\/\/2horizontes.com\/index.php?rest_route=%2Fwp%2Fv2%2Ftags&post=52296"}],"curies":[{"name":"wp","href":"https:\/\/api.w.org\/{rel}","templated":true}]}}