{"id":52217,"date":"2016-06-06T21:38:40","date_gmt":"2016-06-06T20:38:40","guid":{"rendered":"http:\/\/2horizontes.com\/?p=52217"},"modified":"2016-06-06T21:38:40","modified_gmt":"2016-06-06T20:38:40","slug":"brasil-expresa-preocupacion-por-el-sufrimiento-del-pueblo-venezolano","status":"publish","type":"post","link":"https:\/\/2horizontes.com\/?p=52217","title":{"rendered":"Brasil expresa preocupaci\u00f3n por el \u00absufrimiento del pueblo venezolano\u00bb"},"content":{"rendered":"<p>El ministro de Relaciones Exteriores de Brasil, Jos\u00e9 Serra, manifest\u00f3 hoy la preocupaci\u00f3n del gobierno del presidente interino, Michel Temer, por el sufrimiento del pueblo de Venezuela y se dijo dispuesto a cooperar con la superaci\u00f3n de la crisis.<\/p>\n<p>\u00abHemos acompa\u00f1ado con aprehensi\u00f3n los acontecimientos en Venezuela: la radicalizaci\u00f3n pol\u00edtica, la profundizaci\u00f3n de la crisis econ\u00f3mica y el continuo agravamiento de la situaci\u00f3n humanitaria y de los derechos humanos, e inclusive las detenciones arbitrarias\u00bb, dice una nota divulgada por la canciller\u00eda.<\/p>\n<p>En el comunicado, Serra expresa una particular \u00abpreocupaci\u00f3n\u00bb por \u00abel sufrimiento del pueblo venezolano debido al desabastecimiento alimentario, la s\u00faper-inflaci\u00f3n y el colapso de la oferta de medicamentos\u00bb.<\/p>\n<p>En relaci\u00f3n a ese \u00faltimo aspecto, el ministro anunci\u00f3 que Brasil est\u00e1 dispuesto a \u00abdonar medicamentos b\u00e1sicos\u00bb producidos por sus laboratorios p\u00fablicos y entregarlos a \u00aborganismos humanitarios internacionales\u00bb para que los distribuyan en Venezuela.<\/p>\n<p>Tambi\u00e9n asegura que \u00abel gobierno brasile\u00f1o apoya iniciativas constructivas que apunten a promover un entendimiento entre el actual gobierno venezolano y la oposici\u00f3n\u00bb y que como \u00abvecino, amigo y solidario con la naci\u00f3n venezolana\u00bb, est\u00e1 \u00ablisto\u00bb para ayudar en la b\u00fasqueda de soluciones a la actual crisis.<\/p>\n","protected":false},"excerpt":{"rendered":"<p>El ministro de Relaciones Exteriores de Brasil, Jos\u00e9 Serra, manifest\u00f3 hoy la preocupaci\u00f3n del gobierno del presidente interino, Michel Temer, por el sufrimiento del pueblo de Venezuela y se dijo dispuesto a cooperar con la superaci\u00f3n de la crisis. \u00abHemos acompa\u00f1ado con aprehensi\u00f3n los acontecimientos en Venezuela: la radicalizaci\u00f3n pol\u00edtica, la profundizaci\u00f3n de la crisis [&hellip;]<\/p>\n","protected":false},"author":13240,"featured_media":52221,"comment_status":"open","ping_status":"open","sticky":false,"template":"","format":"standard","meta":{"footnotes":""},"categories":[40,43,48],"tags":[],"class_list":["post-52217","post","type-post","status-publish","format-standard","has-post-thumbnail","hentry","category-internacionales","category-politica","category-venezuela"],"_links":{"self":[{"href":"https:\/\/2horizontes.com\/index.php?rest_route=\/wp\/v2\/posts\/52217","targetHints":{"allow":["GET"]}}],"collection":[{"href":"https:\/\/2horizontes.com\/index.php?rest_route=\/wp\/v2\/posts"}],"about":[{"href":"https:\/\/2horizontes.com\/index.php?rest_route=\/wp\/v2\/types\/post"}],"author":[{"embeddable":true,"href":"https:\/\/2horizontes.com\/index.php?rest_route=\/wp\/v2\/users\/13240"}],"replies":[{"embeddable":true,"href":"https:\/\/2horizontes.com\/index.php?rest_route=%2Fwp%2Fv2%2Fcomments&post=52217"}],"version-history":[{"count":1,"href":"https:\/\/2horizontes.com\/index.php?rest_route=\/wp\/v2\/posts\/52217\/revisions"}],"predecessor-version":[{"id":52222,"href":"https:\/\/2horizontes.com\/index.php?rest_route=\/wp\/v2\/posts\/52217\/revisions\/52222"}],"wp:featuredmedia":[{"embeddable":true,"href":"https:\/\/2horizontes.com\/index.php?rest_route=\/wp\/v2\/media\/52221"}],"wp:attachment":[{"href":"https:\/\/2horizontes.com\/index.php?rest_route=%2Fwp%2Fv2%2Fmedia&parent=52217"}],"wp:term":[{"taxonomy":"category","embeddable":true,"href":"https:\/\/2horizontes.com\/index.php?rest_route=%2Fwp%2Fv2%2Fcategories&post=52217"},{"taxonomy":"post_tag","embeddable":true,"href":"https:\/\/2horizontes.com\/index.php?rest_route=%2Fwp%2Fv2%2Ftags&post=52217"}],"curies":[{"name":"wp","href":"https:\/\/api.w.org\/{rel}","templated":true}]}}