{"id":52145,"date":"2016-06-06T11:24:55","date_gmt":"2016-06-06T10:24:55","guid":{"rendered":"http:\/\/2horizontes.com\/?p=52145"},"modified":"2016-06-06T11:24:55","modified_gmt":"2016-06-06T10:24:55","slug":"presidente-de-haiti-dice-elecciones-seran-el-9-de-octubre","status":"publish","type":"post","link":"https:\/\/2horizontes.com\/?p=52145","title":{"rendered":"Presidente de Hait\u00ed dice elecciones ser\u00e1n el 9 de octubre"},"content":{"rendered":"<div id=\"ArticleAuthorDiv\" class=\"article-body-author\"><b>AFP<\/b><\/div>\n<div id=\"ArticleSourceDiv\" class=\"article-body-author\"><b>Puerto Pr\u00edncipe<\/b><\/div>\n<div id=\"ArticleBody\">\n<p>Las elecciones en Hait\u00ed, aplazadas desde diciembre por las acusaciones de fraude de la oposici\u00f3n, se llevar\u00e1n a cabo finalmente el 9 de octubre, seg\u00fan indic\u00f3 el presidente provisional Jocelerme Privert en declaraciones recogidas por un diario haitiano.<\/p>\n<p>\u201cLas elecciones deben tener lugar el 9 de octubre, seg\u00fan la informaci\u00f3n disponible\u201d, respondi\u00f3 Privert a la pregunta de su hom\u00f3logo dominicano, Danilo Medina, durante su entrevista en el marco la s\u00e9ptima cumbre de la Asociaci\u00f3n de Estados Caribe\u00f1os en Cuba, seg\u00fan un art\u00edculo en l\u00ednea de Le Nouvelliste.<\/p>\n<p>Los resultados de la primera vuelta de las presidenciales, celebradas el 25 de octubre de 2015, fueron rechazados por la oposici\u00f3n, que denunci\u00f3 \u201cun golpe de Estado electoral\u201d para favorecer al entonces presidente, Michel Martelly.<\/p>\n<p>El candidato oficialista, Jovenel Mo\u00efse, alcanz\u00f3 el 32,76% de los votos, frente al 25,29% de Jude C\u00e9lestin, que calific\u00f3 los resultados de \u201cfarsa rid\u00edcula\u201d.<\/p>\n<p>El lunes, la comisi\u00f3n independiente de verificaci\u00f3n y de evaluaci\u00f3n electoral recomend\u00f3 la anulaci\u00f3n de esa primera vuelta tras constatar fraudes.<\/p>\n<p>Luego de esa recomendaci\u00f3n, el Consejo Electoral Provisional (CEP) indic\u00f3 que el 6 de junio dar\u00eda una nueva fecha para la elecci\u00f3n.<\/p>\n<p>\u201cA partir de la fecha de publicaci\u00f3n del calendario electoral, el CEP necesita de 90 a 120 d\u00edas para organizar las elecciones\u201d, indic\u00f3 Privert desde La Habana.<\/p>\n<p>As\u00ed, m\u00e1s de siete meses despu\u00e9s de aquella primera elecci\u00f3n, el suspenso pol\u00edtico perdura en Hait\u00ed.<\/p>\n<p>El mandato del presidente provisional, elegido por el Parlamento tras la salida sin sucesor de Michel Martelly en febrero, termina el 14 de junio y ninguna soluci\u00f3n ha sido propuesta por los parlamentarios para gestionar el eventual vac\u00edo de poder presidencial.<\/p>\n<p>Reorganizar completamente el escrutinio necesitar\u00e1 un gasto excepcional que el pa\u00eds m\u00e1s pobre del Caribe no puede asumir solo.<\/p>\n<p>Para las abortadas elecciones de 2015, el presupuesto de cerca de 100 millones de d\u00f3lares hab\u00eda sido mayoritariamente aportado por la comunidad internacional.<\/p>\n<p>Un costo tal suscit\u00f3 debate, en especial en vista de que la participaci\u00f3n ciudadana es muy limitada: en la primera vuelta de octubre, vot\u00f3 menos de un cuarto de los electores.<\/p>\n<\/div>\n","protected":false},"excerpt":{"rendered":"<p>AFP Puerto Pr\u00edncipe Las elecciones en Hait\u00ed, aplazadas desde diciembre por las acusaciones de fraude de la oposici\u00f3n, se llevar\u00e1n a cabo finalmente el 9 de octubre, seg\u00fan indic\u00f3 el presidente provisional Jocelerme Privert en declaraciones recogidas por un diario haitiano. \u201cLas elecciones deben tener lugar el 9 de octubre, seg\u00fan la informaci\u00f3n disponible\u201d, respondi\u00f3 [&hellip;]<\/p>\n","protected":false},"author":7,"featured_media":52146,"comment_status":"open","ping_status":"open","sticky":false,"template":"","format":"standard","meta":{"footnotes":""},"categories":[47,40,43],"tags":[],"class_list":["post-52145","post","type-post","status-publish","format-standard","has-post-thumbnail","hentry","category-haiti","category-internacionales","category-politica"],"_links":{"self":[{"href":"https:\/\/2horizontes.com\/index.php?rest_route=\/wp\/v2\/posts\/52145","targetHints":{"allow":["GET"]}}],"collection":[{"href":"https:\/\/2horizontes.com\/index.php?rest_route=\/wp\/v2\/posts"}],"about":[{"href":"https:\/\/2horizontes.com\/index.php?rest_route=\/wp\/v2\/types\/post"}],"author":[{"embeddable":true,"href":"https:\/\/2horizontes.com\/index.php?rest_route=\/wp\/v2\/users\/7"}],"replies":[{"embeddable":true,"href":"https:\/\/2horizontes.com\/index.php?rest_route=%2Fwp%2Fv2%2Fcomments&post=52145"}],"version-history":[{"count":1,"href":"https:\/\/2horizontes.com\/index.php?rest_route=\/wp\/v2\/posts\/52145\/revisions"}],"predecessor-version":[{"id":52147,"href":"https:\/\/2horizontes.com\/index.php?rest_route=\/wp\/v2\/posts\/52145\/revisions\/52147"}],"wp:featuredmedia":[{"embeddable":true,"href":"https:\/\/2horizontes.com\/index.php?rest_route=\/wp\/v2\/media\/52146"}],"wp:attachment":[{"href":"https:\/\/2horizontes.com\/index.php?rest_route=%2Fwp%2Fv2%2Fmedia&parent=52145"}],"wp:term":[{"taxonomy":"category","embeddable":true,"href":"https:\/\/2horizontes.com\/index.php?rest_route=%2Fwp%2Fv2%2Fcategories&post=52145"},{"taxonomy":"post_tag","embeddable":true,"href":"https:\/\/2horizontes.com\/index.php?rest_route=%2Fwp%2Fv2%2Ftags&post=52145"}],"curies":[{"name":"wp","href":"https:\/\/api.w.org\/{rel}","templated":true}]}}