{"id":52098,"date":"2016-06-05T10:27:02","date_gmt":"2016-06-05T09:27:02","guid":{"rendered":"http:\/\/2horizontes.com\/?p=52098"},"modified":"2016-06-05T10:27:02","modified_gmt":"2016-06-05T09:27:02","slug":"asesinan-al-presidente-de-una-asociacion-lgtb-en-honduras","status":"publish","type":"post","link":"https:\/\/2horizontes.com\/?p=52098","title":{"rendered":"Asesinan al presidente de una asociaci\u00f3n LGTB en Honduras"},"content":{"rendered":"<p>Con s\u00edntomas de haber sido estrangulado, aparece el cuerpo sin vida de Ren\u00e9 Mart\u00ednez, popular activista de la comunidad de San Pedro Sula, la segunda ciudad m\u00e1s importante de Honduras, situada a 240 km al norte de su capital. Desaparecido desde el mi\u00e9rcoles, 1 de junio, el cuerpo se encontraba en la parte de atr\u00e1s de la sede del Cuerpo de Bomberos, en la colonia de Suyapa, en el barrio de Chamelec\u00f3n, al sur de San Pedro Sula.<\/p>\n<p>Seg\u00fan sus familiares, en la tarde del mi\u00e9rcoles, 1 de junio, alrededor de las 7:45, Ren\u00e9 Mart\u00ednez sale a la calle para atender la llamada de un autom\u00f3vil, conducido por desconocidos para la familia en el que le obligaron a subir a la fuerza, motivo por el que alertaron a las autoridades inmediatamente.<\/p>\n<p>Se emprendi\u00f3 la b\u00fasqueda al no saber nada de \u00e9l Esta noticia enluta a Chamelec\u00f3n, a San Pedro Sula y a toda la comunidad gay. Lo que sabemos hasta es que fue estrangulado\u00bb, explica Francis Rodr\u00edguez, funcionaria de la alcald\u00eda de Chamelec\u00f3n, se\u00f1alando que Renny, como se le conoc\u00eda, \u00abera un muchacho entregado a la comunidad.<\/p>\n<p>Su cuerpo aparece al d\u00eda siguiente, ingresando en el dep\u00f3sito sin ninguna identificaci\u00f3n el jueves, siendo finalmente identificado por sus familiares ayer viernes, 3 de junio.<\/p>\n<p>Lamentamos esto que le sucedi\u00f3 a nuestro compa\u00f1ero de la comunidad gay sampedrana, que a la vez fue un personaje muy fuerte como l\u00edder de base en el Partido Nacional; esperamos que Dios lo tenga en un mejor sitio (\u2026). Para nosotros es muy duro saber que \u00e9l haya fallecido de esta manera tan dolorosa.<\/p>\n<p>Hasta donde sabemos \u00e9l no hab\u00eda recibido amenazas; m\u00e1s bien hace poco anduvo represent\u00e1ndonos en un evento de observaci\u00f3n en Rep\u00fablica Dominicana y vino hace como una semana\u00bb, explica \u00d3scar Castro, amigo del activista, explicando que era una persona muy conocida porque le gustaba apoyar a las personas humildes y demandado a las autoridades el esclarecimiento de los hechos para que el crimen no quede impune.<\/p>\n<p>A nombre del pueblo y gobierno de los Estados Unidos, condenamos en los t\u00e9rminos m\u00e1s en\u00e9rgicos el presunto asesinato de Ren\u00e9 Mart\u00ednez, un l\u00edder de la comunidad LGBTI en San Pedro Sula y figura pol\u00edtica prometedora en Honduras\u00bb, se\u00f1ala un comunicado de la embajada estadounidense, en Tegucigalpa, con la que Mart\u00ednez trabajaba en un programa de prevenci\u00f3n de violencia como parte de un programa que desarrolla la Agencia de los Estados Unidos para el Desarrollo Internacional (USAID), a trav\u00e9s del Programa Alianza Joven Honduras.<\/p>\n<p>Los representantes de la embajada han expresado su conmoci\u00f3n ante el fallecimiento del activista al dar las \u00abcondolencias a sus amigos y familia\u00bb, exigiendo \u00abuna completa y exhaustiva investigaci\u00f3n de las circunstancias de su muerte\u00bb y ofreciendo su \u00abasistencia a las autoridades hondure\u00f1as que trabajan en este caso para que se haga justicia\u00bb.<\/p>\n<p>Se desconocen si el motivo de su asesinato se debe a cuestiones personales o pol\u00edticas, o si est\u00e1 relacionado su labor en Chamelec\u00f3n, uno de los sectores con m\u00e1s alta incidencia criminal en San Pedro Sula. Adem\u00e1s de ser un reconocido activista a nivel nacional, era presidente de una asociaci\u00f3n LGTB y se hab\u00eda plateado incorporarse a la vida pol\u00edtica por el Partido Nacional de cara a las pr\u00f3ximas elecciones con el objetivo de luchar por los derechos de la comunidad LGTB de su pa\u00eds.<\/p>\n","protected":false},"excerpt":{"rendered":"<p>Con s\u00edntomas de haber sido estrangulado, aparece el cuerpo sin vida de Ren\u00e9 Mart\u00ednez, popular activista de la comunidad de San Pedro Sula, la segunda ciudad m\u00e1s importante de Honduras, situada a 240 km al norte de su capital. Desaparecido desde el mi\u00e9rcoles, 1 de junio, el cuerpo se encontraba en la parte de atr\u00e1s [&hellip;]<\/p>\n","protected":false},"author":3,"featured_media":52099,"comment_status":"open","ping_status":"open","sticky":false,"template":"","format":"standard","meta":{"footnotes":""},"categories":[40,57],"tags":[],"class_list":["post-52098","post","type-post","status-publish","format-standard","has-post-thumbnail","hentry","category-internacionales","category-mundo-gay"],"_links":{"self":[{"href":"https:\/\/2horizontes.com\/index.php?rest_route=\/wp\/v2\/posts\/52098","targetHints":{"allow":["GET"]}}],"collection":[{"href":"https:\/\/2horizontes.com\/index.php?rest_route=\/wp\/v2\/posts"}],"about":[{"href":"https:\/\/2horizontes.com\/index.php?rest_route=\/wp\/v2\/types\/post"}],"author":[{"embeddable":true,"href":"https:\/\/2horizontes.com\/index.php?rest_route=\/wp\/v2\/users\/3"}],"replies":[{"embeddable":true,"href":"https:\/\/2horizontes.com\/index.php?rest_route=%2Fwp%2Fv2%2Fcomments&post=52098"}],"version-history":[{"count":1,"href":"https:\/\/2horizontes.com\/index.php?rest_route=\/wp\/v2\/posts\/52098\/revisions"}],"predecessor-version":[{"id":52100,"href":"https:\/\/2horizontes.com\/index.php?rest_route=\/wp\/v2\/posts\/52098\/revisions\/52100"}],"wp:featuredmedia":[{"embeddable":true,"href":"https:\/\/2horizontes.com\/index.php?rest_route=\/wp\/v2\/media\/52099"}],"wp:attachment":[{"href":"https:\/\/2horizontes.com\/index.php?rest_route=%2Fwp%2Fv2%2Fmedia&parent=52098"}],"wp:term":[{"taxonomy":"category","embeddable":true,"href":"https:\/\/2horizontes.com\/index.php?rest_route=%2Fwp%2Fv2%2Fcategories&post=52098"},{"taxonomy":"post_tag","embeddable":true,"href":"https:\/\/2horizontes.com\/index.php?rest_route=%2Fwp%2Fv2%2Ftags&post=52098"}],"curies":[{"name":"wp","href":"https:\/\/api.w.org\/{rel}","templated":true}]}}