{"id":52060,"date":"2016-06-04T17:05:57","date_gmt":"2016-06-04T16:05:57","guid":{"rendered":"http:\/\/2horizontes.com\/?p=52060"},"modified":"2016-06-04T17:05:57","modified_gmt":"2016-06-04T16:05:57","slug":"solo-el-14-de-la-poblacion-mundial-vive-bajo-libertad-de-prensa-absoluta","status":"publish","type":"post","link":"https:\/\/2horizontes.com\/?p=52060","title":{"rendered":"\u00abS\u00f3lo el 14 % de la poblaci\u00f3n mundial vive bajo libertad de prensa absoluta\u00bb"},"content":{"rendered":"<p>Por: Gast\u00f3n Calvo gcalvo@infobae.com<\/p>\n<p>El presidente de la Comisi\u00f3n de Libertad de Prensa e Informaci\u00f3n de la Sociedad Interamericana de Prensa (SIP), <b>Claudio Paolillo<\/b>, hizo un balance del estado de la libertad de prensa y expresi\u00f3n en los pa\u00edses de Am\u00e9rica Latina.<\/p>\n<p>En di\u00e1logo con <b><i>Infobae<\/i><\/b>, afirm\u00f3 que \u00aben los \u00faltimos tiempos <b>no se pudieron registrar avances<\/b> en materia de libertad de expresi\u00f3n en la regi\u00f3n, <b>excepto en la Argentina<\/b>. All\u00ed se volvi\u00f3 a la normalidad en lo que tiene que ver con la libertad de expresi\u00f3n y prensa\u00bb. Tambi\u00e9n habl\u00f3 de los problemas en todo el planeta: \u00ab<b>S\u00f3lo el 14 % de la poblaci\u00f3n mundial vive bajo libertad de prensa absoluta<\/b>\u00ab.<\/p>\n<p>\u00ab<b>Argentina<\/b>, con el nuevo gobierno, no s\u00f3lo logr\u00f3 reingresar al mundo de los mercados financieros internacionales, sino que <b>volvi\u00f3 a ingresar al mundo en materia de pa\u00eds respetuoso de la libertad de expresi\u00f3n<\/b>\u00ab, resalt\u00f3.<\/p>\n<p>Y agreg\u00f3: \u00abHay una <b>notoria diferencia<\/b> en lo que est\u00e1 ocurriendo hoy en d\u00eda en la Argentina con lo que ocurri\u00f3 durante los 12 a\u00f1os de los gobiernos de N\u00e9stor y Cristina Kirchner. <b>Y ese es el mayor avance que hemos registrado en Am\u00e9rica Latina<\/b>\u00ab.<\/p>\n<p><span id=\"saysCMSEmphasisyo21stjzp5f6b4kc2evsll3di\" class=\"saysCMSEmphasis\">ARGENTINA: \u00abHAY UNA NOTORIA DIFERENCIA EN LO QUE EST\u00c1 OCURRIENDO HOY CON LO QUE OCURRI\u00d3 DURANTE LOS 12 A\u00d1OS DE LOS GOBIERNOS DE N\u00c9STOR Y CRISTINA KIRCHNER\u00bb<\/span><\/p>\n<p>Consultado sobre lo que sucede en los otros pa\u00edses de la regi\u00f3n, Paolillo sostuvo: \u00ab<b>Todos los d\u00edas tenemos retrocesos<\/b>. Por ejemplo, el martes, la presidente de Chile, <b>Michelle Bachelet<\/b>, inici\u00f3 -ella dice &#8216;como ciudadana&#8217;- una <b>demanda<\/b> contra la revista <i>Qu\u00e9 Pasa<\/i>, medio que hab\u00eda informado sobre un acto de presunta irregularidad en el que ella podr\u00eda estar involucrada. <b>Un presidente no puede nunca separarse de su condici\u00f3n de presidente<\/b>. No puede decir: &#8216;Ahora act\u00fao como ciudadano y luego vuelvo a ser presidente: no existe eso&#8217;.<\/p>\n<p><span id=\"saysCMSEmphasis9cd8l2dh9voigscevytu766r\" class=\"saysCMSEmphasis\">CHILE: \u00abUN PRESIDENTE NO PUEDE NUNCA SEPARARSE DE SU CONDICI\u00d3N. NO PUEDE DECIR &#8216;AHORA ACT\u00daO COMO CIUDADANO Y LUEGO VUELVO A SER PRESIDENTE'\u00bb<\/span><\/p>\n<p>Sobre este punto, reflexion\u00f3: \u00abLos presidentes son los que m\u00e1s tienen que estar sometidos al escrutinio del p\u00fablico y de la prensa porque <b>son los que le pidieron el voto a la gente<\/b> para administrarle sus recursos. Por lo tanto, tienen que tener una <b>tolerancia mayor<\/b> sobre lo que se publica sobre ellos. As\u00ed lo establecen todas las sentencias de la Corte Interamericana de Derechos Humanos, la Declaraci\u00f3n de Principios sobre Libertad de Prensa de la Comisi\u00f3n Interamericana de DDHH y el Pacto de San Jos\u00e9 de Costa Rica\u00bb.<\/p>\n<div id=\"1703220-Grande-1947015630_wrap\" class=\"embed_cont type_imagen\">\n<div id=\"1703220-Grande-1947015630_content\" class=\"embed_content\"><img decoding=\"async\" id=\"1703220-Grande-1947015630_embed\" src=\"http:\/\/cdn01.am.infobae.com\/adjuntos\/163\/imagenes\/010\/591\/0010591591.jpg?0000-00-00-00-00-00\" alt=\"\" \/><\/div>\n<div id=\"1703220-Grande-1947015630_epigrafe\" class=\"embed_epigrafe\">Los medios opositores al chavismo son perseguidos en Venezuela<\/div>\n<div id=\"1703220-Grande-1947015630_copyright\" class=\"embed_copyright\"><\/div>\n<\/div>\n<p class=\"preview\">\n<b>El caso de Venezuela<\/b><\/p>\n<p>Paolillo dio una explicaci\u00f3n detallada de lo que sucede en la Venezuela de Nicol\u00e1s Maduro. Sin embargo, enfatiz\u00f3 que las pr\u00e1cticas persecutorias contra los medios de comunicaci\u00f3n <b>no son algo nuevo<\/b> en el pa\u00eds petrolero.<\/p>\n<p>\u00abDesde hace muchos a\u00f1os, desde que entr\u00f3 el chavismo al gobierno, <b>la prensa ha sido creciente y progresivamente hostigada de la m\u00e1s diversa manera<\/b>. Pero siempre en la misma l\u00ednea: tratar de acallar la voz del que piensa distinto o el que informa sobre cuestiones que no le gustan al gobierno\u00bb, comenz\u00f3 su an\u00e1lisis de lo sucedido en esa naci\u00f3n.<\/p>\n<p>Y sigui\u00f3: \u00abEs una l\u00ednea pol\u00edtica que en el pasado de la regi\u00f3n la aplicaban las <b>dictaduras militares<\/b>. Ellos interven\u00edan los medios porque los dictadores no quer\u00edan que se informe sobre lo que se iba a hacer. <b>Esa misma t\u00e1ctica ha sido utilizada en Venezuela de manera permanente<\/b>. Hemos tenido cierre de medios como, por ejemplo, <i>Radio Caracas de Televisi\u00f3n<\/i>.<b>\u00c9stas son cosas propias de una dictadura<\/b>\u00ab.<\/p>\n<p><span id=\"saysCMSEmphasisfql7m01ukn865mz07rajg7gb9\" class=\"saysCMSEmphasis\">VENEZUELA: \u00abES LA MISMA LA LINEA QUE APLICABAN LAS DICTADURAS MILITARES EN LA REGI\u00d3N: INTERVENIR Y CERRAR MEDIOS PARA QUE NO SE INFORME LO QUE SE VA A HACER\u00bb<\/span><\/p>\n<p>Para ejemplificar la grave situaci\u00f3n que se vive en Venezuela respecto a la libertad de prensa, el presidente de la Comisi\u00f3n de Libertad de Prensa e Informaci\u00f3n de la SIP cont\u00f3 el caso de <b>Miguel Henrique Otero<\/b>, director del peri\u00f3dico <i>El Nacional<\/i>.<\/p>\n<p>\u00abEst\u00e1 de n\u00f3made por el mundo y <b>no puede volver a su pa\u00eds porque tiene una orden de captura<\/b>. Es una de las v\u00edctimas de la pol\u00edtica del gobierno de <b>retacearle d\u00f3lares<\/b> a los medios contrarios al chavismo para que no puedan comprar papel. <b>O los diarios cierran<\/b>, como cerr\u00f3 <i>El Carabobe\u00f1o<\/i>, <b>o salen con muy pocas p\u00e1ginas<\/b>. <i>El Nacional<\/i> era un diario con una cantidad de p\u00e1ginas importante. Est\u00e1 saliendo con un pliego de 16 p\u00e1ginas porque <b>no tiene papel<\/b>\u00ab.<\/p>\n<div id=\"1928049-Grande-1583459381_wrap\" class=\"embed_cont type_imagen\">\n<div id=\"1928049-Grande-1583459381_content\" class=\"embed_content\"><img decoding=\"async\" id=\"1928049-Grande-1583459381_embed\" src=\"http:\/\/cdn01.am.infobae.com\/adjuntos\/163\/imagenes\/012\/159\/0012159564.jpg?0000-00-00-00-00-00\" alt=\"\" \/><\/div>\n<div id=\"1928049-Grande-1583459381_epigrafe\" class=\"embed_epigrafe\">El presidente ecuatoriano, Rafael Correa, rompe un peri\u00f3dico<\/div>\n<div id=\"1928049-Grande-1583459381_copyright\" class=\"embed_copyright\"><\/div>\n<\/div>\n<p class=\"preview\">\n<b>La grave situaci\u00f3n en Ecuador<\/b><\/p>\n<p>Paolillo se mostr\u00f3 <b>muy preocupado<\/b> con lo que sucede en el pa\u00eds gobernado por <b>Rafael Correa<\/b>. \u00abEl presidente ha hecho aprobar una ley, la <b>Ley Org\u00e1nica de Comunicaci\u00f3n<\/b>, que es la <b>peor ley mordaza <\/b>de Am\u00e9rica Latina. En Ecuador se invent\u00f3 un delito que<b> no existe <\/b>en ning\u00fan lugar del mundo: <b>el<\/b> <b>linchamiento medi\u00e1tico<\/b>\u00ab, dijo.<\/p>\n<p>Y agreg\u00f3: \u00abEse delito significa que, por ejemplo, un medio publica una noticia, la misma es replicada por otro medio y entonces el gobierno, como se public\u00f3 en un medio y gener\u00f3 repercusi\u00f3n en otros, la define como un <b>linchamiento medi\u00e1tico<\/b>. <b>Eso est\u00e1 en vigencia en Ecuador\u00bb<\/b>.<\/p>\n<p><span id=\"saysCMSEmphasismt9pu5eqpjl83fcr6oek7f1or\" class=\"saysCMSEmphasis\">ECUADOR: \u00abEN LAS \u00daLTIMAS SEMANAS, 14 MEDIOS DIGITALES FUERON BLOQUEADOS POR EL GOBIERNO DE RAFAEL CORREA\u00bb<\/span><\/p>\n<p>Paolillo dio un dato alarmante: \u00abEn las \u00faltimas semanas, <b>14 medios digitales fueron bloqueados<\/b>por el gobierno de Rafael Correa. Adem\u00e1s, se dio el caso de periodistas que <b>se volcaban a los medios digitales <\/b>porque no pod\u00edan informar ni opinar en los tradicionales. <b>Ahora tambi\u00e9n son censurados en esas plataformas<\/b>\u00ab.<\/p>\n<p class=\"preview\"><b>La violencia contra periodistas y trabajadores de prensa<\/b><\/p>\n<p>El tambi\u00e9n director del semanario uruguayo <i>B\u00fasqueda<\/i> se refiri\u00f3 a la violencia contra periodistas y a lo dif\u00edcil que es ejercer la profesi\u00f3n en distintos pa\u00edses de Am\u00e9rica Latina.<\/p>\n<p>\u00ab<b>Hay violencia contra periodistas en M\u00e9xico, Honduras y en toda Centroam\u00e9rica por la expansi\u00f3n del narcotr\u00e1fico<\/b>\u00ab, resalt\u00f3. Pero eso no es todo: \u00abAhora tambi\u00e9n hay mucha violencia en <b>Colombia<\/b>. Este pa\u00eds ha vuelto a ser muy peligroso para ejercer el periodismo: <b>tres periodistas fueron secuestrados<\/b> por la guerrilla del Ej\u00e9rcito de Liberaci\u00f3n Nacional (ELN), asociada con narcotraficantes. <b>Este es un tema muy grave<\/b>\u00ab.<\/p>\n<p><span id=\"saysCMSEmphasisdnpej0e4gcpt8pwyb4gm5z5mi\" class=\"saysCMSEmphasis\">\u00abHAY VIOLENCIA CONTRA PERIODISTAS EN M\u00c9XICO, HONDURAS Y EN TODA CENTROAM\u00c9RICA POR LA EXPANSI\u00d3N DEL NARCOTR\u00c1FICO\u00bb<\/span><\/p>\n<div id=\"2243612-Grande-1775082216_wrap\" class=\"embed_cont type_imagen\">\n<div id=\"2243612-Grande-1775082216_content\" class=\"embed_content\"><img decoding=\"async\" id=\"2243612-Grande-1775082216_embed\" src=\"http:\/\/cdn01.am.infobae.com\/adjuntos\/163\/imagenes\/014\/854\/0014854008.jpg?0000-00-00-00-00-00\" alt=\"\" \/><\/div>\n<div id=\"2243612-Grande-1775082216_epigrafe\" class=\"embed_epigrafe\">Los medios digitales tambi\u00e9n sufren la censura<\/div>\n<div id=\"2243612-Grande-1775082216_copyright\" class=\"embed_copyright\">Shutterstock<\/div>\n<\/div>\n<p><b>El acoso a los medios digitales<\/b><\/p>\n<p>\u00abLas cosas van cambiando desde el punto de vista tecnol\u00f3gico pero <b>no cambian desde el punto de vista de la acci\u00f3n de los gobiernos<\/b>\u00ab, empez\u00f3 Paolillo al ser consultado sobre este punto.<\/p>\n<p>\u00abEl caso de <b><i>Infobae<\/i><\/b> (bloqueado por el gobierno venezolano) <b>no es el \u00fanico<\/b>. Medios digitales venezolanos han sido intervenidos por el gobierno y se han bajado sitios web. <b>El canal colombiano <i>NTN24<\/i> sufri\u00f3 lo mismo que <i>Infobae<\/i><\/b>\u00ab, record\u00f3.<\/p>\n<p>\u00abEn Am\u00e9rica Latina <b>no se ha llegado al extremo de prohibir googlear<\/b> pero s\u00ed se ha llegado al extremo de clausurar sitios web. <b>O los bajan o los bloquean<\/b>. Esto pas\u00f3 en <b>Bolivia<\/b>, pas\u00f3 claramente en <b>Venezuela<\/b> y ha pasado en <b>Ecuador<\/b>\u00ab.<\/p>\n<p>\u00ab<b>Hay cibermilitantes pagados por los gobiernos<\/b> para inundar de insultos o descalificaciones a los sitios web o directamente bloquearlos. <b>Los gobiernos bloquean los medios digitales<\/b>. Con los medios digitales estamos ante la misma cosa que con los tradicionales: <b>gobiernos que impiden el libre flujo de ideas y opiniones<\/b>, que es la base de una sociedad democr\u00e1tica. <b>Eso no puede ocurrir en una sociedad democr\u00e1tica<\/b>\u00ab.<\/p>\n<p>Por \u00faltimo, a nivel mundial, Paolillo sostuvo que hay casos de censura absoluta: \u00abLos gobiernos autoritarios atacan la informaci\u00f3n que se difunde a trav\u00e9s de Internet <b>con los mecanismos que tienen a disposici\u00f3n<\/b>: el gobierno puede, como en China por ejemplo, <b>disponer que no se puede mirar nada en Google<\/b>\u00ab.<\/p>\n<p><span id=\"saysCMSEmphasisomapx8fpvdasggfp1zyh6ko6r\" class=\"saysCMSEmphasis\">\u00abHAY CIBERMILITANTES PAGADOS POR LOS GOBIERNOS PARA DESCALIFICAR SITIOS WEB O BLOQUEARLOS\u00bb<\/span><\/p>\n<p>\u00abEn el mundo hay <b>miles de millones de personas que no pueden acceder a medios digitales<\/b>. Hay una estimaci\u00f3n hecha por la organizaci\u00f3n <i>Freedom House<\/i> que tiene un ranking de pa\u00edses seg\u00fan las categor\u00edas <b>libres<\/b>,<b> parcialmente libres <\/b>y<b> no libres<\/b>. La cantidad de poblaci\u00f3n del mundo que vive en pa\u00edses donde la libertad de expresi\u00f3n es totalmente libre <b>se reduce al 14%<\/b>\u00ab, coment\u00f3 Paolillo.<\/p>\n<p>Y concluy\u00f3: \u00ab<b>S\u00f3lo el 14% de los habitantes del planeta vive en sociedades donde los gobiernos aceptan que la informaci\u00f3n sea totalmente libre<\/b>. Todos los dem\u00e1s est\u00e1n en pa\u00edses donde son parcialmente libres o completamente no libres. <b>Es un n\u00famero tremendo que marca el estado de la libertad de expresi\u00f3n en el mundo<\/b>\u00ab.<\/p>\n<p>F. Infobae.<\/p>\n","protected":false},"excerpt":{"rendered":"<p>Por: Gast\u00f3n Calvo gcalvo@infobae.com El presidente de la Comisi\u00f3n de Libertad de Prensa e Informaci\u00f3n de la Sociedad Interamericana de Prensa (SIP), Claudio Paolillo, hizo un balance del estado de la libertad de prensa y expresi\u00f3n en los pa\u00edses de Am\u00e9rica Latina. En di\u00e1logo con Infobae, afirm\u00f3 que \u00aben los \u00faltimos tiempos no se pudieron [&hellip;]<\/p>\n","protected":false},"author":7,"featured_media":52062,"comment_status":"open","ping_status":"open","sticky":false,"template":"","format":"standard","meta":{"footnotes":""},"categories":[40],"tags":[],"class_list":["post-52060","post","type-post","status-publish","format-standard","has-post-thumbnail","hentry","category-internacionales"],"_links":{"self":[{"href":"https:\/\/2horizontes.com\/index.php?rest_route=\/wp\/v2\/posts\/52060","targetHints":{"allow":["GET"]}}],"collection":[{"href":"https:\/\/2horizontes.com\/index.php?rest_route=\/wp\/v2\/posts"}],"about":[{"href":"https:\/\/2horizontes.com\/index.php?rest_route=\/wp\/v2\/types\/post"}],"author":[{"embeddable":true,"href":"https:\/\/2horizontes.com\/index.php?rest_route=\/wp\/v2\/users\/7"}],"replies":[{"embeddable":true,"href":"https:\/\/2horizontes.com\/index.php?rest_route=%2Fwp%2Fv2%2Fcomments&post=52060"}],"version-history":[{"count":1,"href":"https:\/\/2horizontes.com\/index.php?rest_route=\/wp\/v2\/posts\/52060\/revisions"}],"predecessor-version":[{"id":52063,"href":"https:\/\/2horizontes.com\/index.php?rest_route=\/wp\/v2\/posts\/52060\/revisions\/52063"}],"wp:featuredmedia":[{"embeddable":true,"href":"https:\/\/2horizontes.com\/index.php?rest_route=\/wp\/v2\/media\/52062"}],"wp:attachment":[{"href":"https:\/\/2horizontes.com\/index.php?rest_route=%2Fwp%2Fv2%2Fmedia&parent=52060"}],"wp:term":[{"taxonomy":"category","embeddable":true,"href":"https:\/\/2horizontes.com\/index.php?rest_route=%2Fwp%2Fv2%2Fcategories&post=52060"},{"taxonomy":"post_tag","embeddable":true,"href":"https:\/\/2horizontes.com\/index.php?rest_route=%2Fwp%2Fv2%2Ftags&post=52060"}],"curies":[{"name":"wp","href":"https:\/\/api.w.org\/{rel}","templated":true}]}}