{"id":52028,"date":"2016-06-04T16:28:08","date_gmt":"2016-06-04T15:28:08","guid":{"rendered":"http:\/\/2horizontes.com\/?p=52028"},"modified":"2016-06-04T16:28:08","modified_gmt":"2016-06-04T15:28:08","slug":"fernandez-reclama-accion-conjunta-para-frenar-efectos-de-crisis-economica-mundial","status":"publish","type":"post","link":"https:\/\/2horizontes.com\/?p=52028","title":{"rendered":"Fern\u00e1ndez reclama acci\u00f3n conjunta para frenar efectos de crisis econ\u00f3mica mundial"},"content":{"rendered":"<div id=\"ArticleSourceDiv\" class=\"article-body-author\"><b>Par\u00eds, Francia<\/b><\/div>\n<div id=\"ArticleBody\">\n<p>El expresidente de la Rep\u00fablica Dominicana, Leonel Fern\u00e1ndez, sugiri\u00f3 a los principales polos econ\u00f3micos del planeta la adopci\u00f3n de una pol\u00edtica unificada para hacer frente a los efectos nocivos de la crisis econ\u00f3mica global, la cual, dijo, tiene a Latinoam\u00e9rica y el Caribe sumido en una situaci\u00f3n de incertidumbre de cara al futuro.<\/p>\n<p>Fern\u00e1ndez afirm\u00f3 que Estados Unidos, la Uni\u00f3n Europea y China est\u00e1n sumidos en una situaci\u00f3n de incertidumbre e indefinici\u00f3n, debido a la falta de pol\u00edticas claras en el marco del G20.<\/p>\n<p>Al profundizar sobre el tema, se\u00f1al\u00f3 que esa indefinici\u00f3n de las naciones econ\u00f3micamente m\u00e1s poderosas ha generado una situaci\u00f3n de incertidumbre en Am\u00e9rica Latina y el Caribe, regi\u00f3n que tiene una econom\u00eda \u201chiper-conectada\u201d e interdependiente.<\/p>\n<p>\u201cCuando tenemos los tres polos de poder econ\u00f3mico en una situaci\u00f3n\u00a0 de incertidumbre y de indefinici\u00f3n hacia el futuro y de falta de pol\u00edticas claras en el marco del G20, en Am\u00e9rica Latina podemos tomar cualquier medida que se quiera, pero una econom\u00eda hiper-conectada e interdependiente, no depende solo de nosotros, sino del entorno global\u201d, indic\u00f3.<\/p>\n<p>Asimismo, Fern\u00e1ndez resalt\u00f3 la importancia del trabajo que realiza la Fundaci\u00f3n EU-LAC, que se cre\u00f3 con el objetivo de transformar la asociaci\u00f3n estrat\u00e9gica, que desde 1999 existe entre la Uni\u00f3n Europea, Am\u00e9rica Latina y el Caribe, a trav\u00e9s de v\u00ednculos de intercambio entre ambos continentes, lo que se hace en esencia a trav\u00e9s del plan de acci\u00f3n dise\u00f1ado por cada pa\u00eds.<\/p>\n<p>El exmandatario dominicano hizo sus planteamientos al intervenir en el panel \u00abRedefiniendo alianzas para apoyar el crecimiento inclusivo y sostenible\u00bb, del Foro Econ\u00f3mico Internacional de Am\u00e9rica Latina y el Caribe, que se celebr\u00f3 en Par\u00eds.<\/p>\n<p>En el foro participaron l\u00edderes pol\u00edticos,\u00a0 empresarios, economistas, acad\u00e9micos y representantes de organismos internacionales, entre ellos el presidente de Paraguay, Horacio Cartes y Luis Alberto Moreno, presidente del Banco Interamericano de Desarrollo (BID).<\/p>\n<p>En el panel tambi\u00e9n intervinieron Alonso Prat-Gay, ministro de Hacienda y Finanzas P\u00fablicas de Argentina; Santiago Pe\u00f1a Palacios, ministro de Hacienda de Paraguay; Rebeca Grynspan, Secretaria General Iberoamericana y Gabriel Baracatt, director ejecutivo de la Fundaci\u00f3n Avina.<\/p>\n<p>Fungi\u00f3 como moderador Mario Pezzini, director del Centro de Desarrollo de la Organizaci\u00f3n para la Cooperaci\u00f3n y el Desarrollo Econ\u00f3micos (OCDE), entidad que organiz\u00f3 el evento en conjunto con el Banco Inter-Americano de Desarrollo (BID) y los Ministerios de Econom\u00eda, Industria y Sector Digital y de Hacienda y Cuentas P\u00fablicas de Francia.<\/p>\n<p>Al igual que Fern\u00e1ndez, los dem\u00e1s participantes en el panel se refirieron al tema de Am\u00e9rica Latina y la relaci\u00f3n de la econom\u00eda de la regi\u00f3n con los polos econ\u00f3micos m\u00e1s importantes del mundo, haciendo \u00e9nfasis en la situaci\u00f3n de recesi\u00f3n que afecta a las grandes econom\u00edas del mundo y su repercusi\u00f3n en las naciones menos desarrolladas.<\/p>\n<\/div>\n","protected":false},"excerpt":{"rendered":"<p>Par\u00eds, Francia El expresidente de la Rep\u00fablica Dominicana, Leonel Fern\u00e1ndez, sugiri\u00f3 a los principales polos econ\u00f3micos del planeta la adopci\u00f3n de una pol\u00edtica unificada para hacer frente a los efectos nocivos de la crisis econ\u00f3mica global, la cual, dijo, tiene a Latinoam\u00e9rica y el Caribe sumido en una situaci\u00f3n de incertidumbre de cara al futuro. [&hellip;]<\/p>\n","protected":false},"author":7,"featured_media":52029,"comment_status":"open","ping_status":"open","sticky":false,"template":"","format":"standard","meta":{"footnotes":""},"categories":[63,40,43],"tags":[],"class_list":["post-52028","post","type-post","status-publish","format-standard","has-post-thumbnail","hentry","category-economia","category-internacionales","category-politica"],"_links":{"self":[{"href":"https:\/\/2horizontes.com\/index.php?rest_route=\/wp\/v2\/posts\/52028","targetHints":{"allow":["GET"]}}],"collection":[{"href":"https:\/\/2horizontes.com\/index.php?rest_route=\/wp\/v2\/posts"}],"about":[{"href":"https:\/\/2horizontes.com\/index.php?rest_route=\/wp\/v2\/types\/post"}],"author":[{"embeddable":true,"href":"https:\/\/2horizontes.com\/index.php?rest_route=\/wp\/v2\/users\/7"}],"replies":[{"embeddable":true,"href":"https:\/\/2horizontes.com\/index.php?rest_route=%2Fwp%2Fv2%2Fcomments&post=52028"}],"version-history":[{"count":1,"href":"https:\/\/2horizontes.com\/index.php?rest_route=\/wp\/v2\/posts\/52028\/revisions"}],"predecessor-version":[{"id":52030,"href":"https:\/\/2horizontes.com\/index.php?rest_route=\/wp\/v2\/posts\/52028\/revisions\/52030"}],"wp:featuredmedia":[{"embeddable":true,"href":"https:\/\/2horizontes.com\/index.php?rest_route=\/wp\/v2\/media\/52029"}],"wp:attachment":[{"href":"https:\/\/2horizontes.com\/index.php?rest_route=%2Fwp%2Fv2%2Fmedia&parent=52028"}],"wp:term":[{"taxonomy":"category","embeddable":true,"href":"https:\/\/2horizontes.com\/index.php?rest_route=%2Fwp%2Fv2%2Fcategories&post=52028"},{"taxonomy":"post_tag","embeddable":true,"href":"https:\/\/2horizontes.com\/index.php?rest_route=%2Fwp%2Fv2%2Ftags&post=52028"}],"curies":[{"name":"wp","href":"https:\/\/api.w.org\/{rel}","templated":true}]}}