{"id":51953,"date":"2016-06-03T10:06:54","date_gmt":"2016-06-03T09:06:54","guid":{"rendered":"http:\/\/2horizontes.com\/?p=51953"},"modified":"2016-06-03T10:06:54","modified_gmt":"2016-06-03T09:06:54","slug":"suman-100-cuerpos-exhumados-de-fosa-en-el-centro-de-mexico","status":"publish","type":"post","link":"https:\/\/2horizontes.com\/?p=51953","title":{"rendered":"Suman 100 cuerpos exhumados de fosa en el centro de M\u00e9xico"},"content":{"rendered":"<div id=\"ArticleAuthorDiv\" class=\"article-body-author\"><b>EFE<\/b><\/div>\n<div id=\"ArticleSourceDiv\" class=\"article-body-author\"><b>M\u00e9xico<\/b><\/div>\n<div id=\"ArticleBody\">\n<p>La Fiscal\u00eda General del central estado mexicano de Morelos inform\u00f3 ayer que tras once d\u00edas de labores en la fosa de Tetelcingo en la que se estima estaban depositados m\u00e1s de un centenar de cad\u00e1veres, fue exhumado el cuerpo n\u00famero 100.<\/p>\n<p>El trabajo coordinado por distintos equipos de peritos es encabezado por la Fiscal\u00eda General del Estado de Morelos (FGEM) y en \u00e9l participan la Universidad Aut\u00f3noma del Estado de Morelos (UAEM), la Procuradur\u00eda General de la Rep\u00fablica (PGR, fiscal\u00eda federal) y la Comisi\u00f3n Nacional de Seguridad.<\/p>\n<p>La Fiscal\u00eda inform\u00f3 en un bolet\u00edn que hacia las 11.00 hora local de hoy (16.00 GMT) se hab\u00edan recuperado de la fosa seis cad\u00e1veres, por lo que sumados a los 94 exhumados hasta ayer desde el pasado 23 de mayo se llega al n\u00famero de 100 restos humanos extra\u00eddos.<\/p>\n<p>De acuerdo con reportes previos y tomando en cuenta el n\u00famero de cuerpos exhumados hoy, faltan 16 cad\u00e1veres por recuperar.<\/p>\n<p>El fiscal regional de la Zona Oriente, Rafael \u00c1vila L\u00f3pez, responsable de la diligencia, explic\u00f3 que se espera que el proceso de exhumaci\u00f3n concluya este viernes, aunque aclar\u00f3 que se trabaja con la prioridad de llevar adelante las pruebas periciales y toma de muestras gen\u00e9ticas de la mejor manera.<\/p>\n<p>La Fiscal\u00eda estatal asegur\u00f3 que en el pante\u00f3n de Tetelcingo se mantiene la atenci\u00f3n a familias de Morelos y provenientes de otros estados que buscan a parientes no localizados, y que hasta ayer 78 personas hab\u00edan recibido asesor\u00eda jur\u00eddica gratuita por parte de la dependencia.<\/p>\n<p>Inform\u00f3 que hasta el cierre del 1 de junio se hab\u00edan obtenido 48 muestras gen\u00e9ticas, que servir\u00e1n para confrontar datos en casos de personas no localizadas en el pa\u00eds.<\/p>\n<p>La existencia de esta fosa clandestina en el municipio de Cuautla sali\u00f3 a luz a ra\u00edz de la investigaci\u00f3n sobre el paradero de Oliver Wenceslao Navarrete, quien fue secuestrado y asesinado en 2013.<\/p>\n<p>Su cuerpo, a pesar de estar plenamente identificado, fue inhumado de manera ilegal en la fosa en marzo de 2014, lo que revel\u00f3 irregularidades en el proceso llevado a cabo por la Fiscal\u00eda estatal.<\/p>\n<p>Por este motivo, los familiares de v\u00edctimas de desaparici\u00f3n exigieron a principios de este mes que las exhumaciones de la fosa no fueran llevadas \u00fanicamente por la dependencia, sino que en la toma de muestras gen\u00e9ticas participaran m\u00e1s instituciones que vigilaran el proceso.<\/p>\n<\/div>\n","protected":false},"excerpt":{"rendered":"<p>EFE M\u00e9xico La Fiscal\u00eda General del central estado mexicano de Morelos inform\u00f3 ayer que tras once d\u00edas de labores en la fosa de Tetelcingo en la que se estima estaban depositados m\u00e1s de un centenar de cad\u00e1veres, fue exhumado el cuerpo n\u00famero 100. El trabajo coordinado por distintos equipos de peritos es encabezado por la [&hellip;]<\/p>\n","protected":false},"author":7,"featured_media":51954,"comment_status":"open","ping_status":"open","sticky":false,"template":"","format":"standard","meta":{"footnotes":""},"categories":[40],"tags":[],"class_list":["post-51953","post","type-post","status-publish","format-standard","has-post-thumbnail","hentry","category-internacionales"],"_links":{"self":[{"href":"https:\/\/2horizontes.com\/index.php?rest_route=\/wp\/v2\/posts\/51953","targetHints":{"allow":["GET"]}}],"collection":[{"href":"https:\/\/2horizontes.com\/index.php?rest_route=\/wp\/v2\/posts"}],"about":[{"href":"https:\/\/2horizontes.com\/index.php?rest_route=\/wp\/v2\/types\/post"}],"author":[{"embeddable":true,"href":"https:\/\/2horizontes.com\/index.php?rest_route=\/wp\/v2\/users\/7"}],"replies":[{"embeddable":true,"href":"https:\/\/2horizontes.com\/index.php?rest_route=%2Fwp%2Fv2%2Fcomments&post=51953"}],"version-history":[{"count":1,"href":"https:\/\/2horizontes.com\/index.php?rest_route=\/wp\/v2\/posts\/51953\/revisions"}],"predecessor-version":[{"id":51955,"href":"https:\/\/2horizontes.com\/index.php?rest_route=\/wp\/v2\/posts\/51953\/revisions\/51955"}],"wp:featuredmedia":[{"embeddable":true,"href":"https:\/\/2horizontes.com\/index.php?rest_route=\/wp\/v2\/media\/51954"}],"wp:attachment":[{"href":"https:\/\/2horizontes.com\/index.php?rest_route=%2Fwp%2Fv2%2Fmedia&parent=51953"}],"wp:term":[{"taxonomy":"category","embeddable":true,"href":"https:\/\/2horizontes.com\/index.php?rest_route=%2Fwp%2Fv2%2Fcategories&post=51953"},{"taxonomy":"post_tag","embeddable":true,"href":"https:\/\/2horizontes.com\/index.php?rest_route=%2Fwp%2Fv2%2Ftags&post=51953"}],"curies":[{"name":"wp","href":"https:\/\/api.w.org\/{rel}","templated":true}]}}