{"id":51950,"date":"2016-06-03T09:56:28","date_gmt":"2016-06-03T08:56:28","guid":{"rendered":"http:\/\/2horizontes.com\/?p=51950"},"modified":"2016-06-03T09:56:28","modified_gmt":"2016-06-03T08:56:28","slug":"ei-amenaza-real-para-el-mundo","status":"publish","type":"post","link":"https:\/\/2horizontes.com\/?p=51950","title":{"rendered":"EI, amenaza real para el mundo"},"content":{"rendered":"<div id=\"ArticleAuthorDiv\" class=\"article-body-author\"><b>EFE<\/b><\/div>\n<div id=\"ArticleSourceDiv\" class=\"article-body-author\"><b>Washington<\/b><\/div>\n<div id=\"ArticleBody\">\n<p>El grupo yihadista Estado Isl\u00e1mico (EI) constituy\u00f3 en 2015 la \u201cmayor amenaza\u201d del terrorismo en el mundo, seg\u00fan un informe divulgado ayer por el Gobierno de EE.UU., que tambi\u00e9n acusa a Ir\u00e1n y Siria de incrementar sus v\u00ednculos terroristas.<\/p>\n<p>La organizaci\u00f3n yihadista mantuvo una \u201cfuerza formidable en Irak y Siria, incluido un gran n\u00famero de combatientes terroristas internacionales\u201d, se\u00f1al\u00f3 el Departamento de Estado en su informe anual sobre terrorismo en el mundo, correspondiente al pasado a\u00f1o.<\/p>\n<p>\u201cEl EI contin\u00faa siendo la mayor amenaza global\u201d, subray\u00f3 el coordinador de Contraterrorismo interino del Departamento de Estado, Justin Siberell, en una rueda de prensa celebrada en Washington para presentar el texto. \u201cLa capacidad y el control territorial del EI en Irak y Siria alcanz\u00f3 su punto \u00e1lgido en la primavera de 2015, pero empez\u00f3 a erosionarse en la segunda mitad de 2015\u201d, precis\u00f3 el Gobierno estadounidense en el documento. A finales de 2015, matiz\u00f3, \u201cel 40 por ciento del territorio controlado por el EI al inicio del a\u00f1o hab\u00eda sido liberado\u201d.<\/p>\n<\/div>\n","protected":false},"excerpt":{"rendered":"<p>EFE Washington El grupo yihadista Estado Isl\u00e1mico (EI) constituy\u00f3 en 2015 la \u201cmayor amenaza\u201d del terrorismo en el mundo, seg\u00fan un informe divulgado ayer por el Gobierno de EE.UU., que tambi\u00e9n acusa a Ir\u00e1n y Siria de incrementar sus v\u00ednculos terroristas. La organizaci\u00f3n yihadista mantuvo una \u201cfuerza formidable en Irak y Siria, incluido un gran [&hellip;]<\/p>\n","protected":false},"author":7,"featured_media":51951,"comment_status":"open","ping_status":"open","sticky":false,"template":"","format":"standard","meta":{"footnotes":""},"categories":[40],"tags":[],"class_list":["post-51950","post","type-post","status-publish","format-standard","has-post-thumbnail","hentry","category-internacionales"],"_links":{"self":[{"href":"https:\/\/2horizontes.com\/index.php?rest_route=\/wp\/v2\/posts\/51950","targetHints":{"allow":["GET"]}}],"collection":[{"href":"https:\/\/2horizontes.com\/index.php?rest_route=\/wp\/v2\/posts"}],"about":[{"href":"https:\/\/2horizontes.com\/index.php?rest_route=\/wp\/v2\/types\/post"}],"author":[{"embeddable":true,"href":"https:\/\/2horizontes.com\/index.php?rest_route=\/wp\/v2\/users\/7"}],"replies":[{"embeddable":true,"href":"https:\/\/2horizontes.com\/index.php?rest_route=%2Fwp%2Fv2%2Fcomments&post=51950"}],"version-history":[{"count":1,"href":"https:\/\/2horizontes.com\/index.php?rest_route=\/wp\/v2\/posts\/51950\/revisions"}],"predecessor-version":[{"id":51952,"href":"https:\/\/2horizontes.com\/index.php?rest_route=\/wp\/v2\/posts\/51950\/revisions\/51952"}],"wp:featuredmedia":[{"embeddable":true,"href":"https:\/\/2horizontes.com\/index.php?rest_route=\/wp\/v2\/media\/51951"}],"wp:attachment":[{"href":"https:\/\/2horizontes.com\/index.php?rest_route=%2Fwp%2Fv2%2Fmedia&parent=51950"}],"wp:term":[{"taxonomy":"category","embeddable":true,"href":"https:\/\/2horizontes.com\/index.php?rest_route=%2Fwp%2Fv2%2Fcategories&post=51950"},{"taxonomy":"post_tag","embeddable":true,"href":"https:\/\/2horizontes.com\/index.php?rest_route=%2Fwp%2Fv2%2Ftags&post=51950"}],"curies":[{"name":"wp","href":"https:\/\/api.w.org\/{rel}","templated":true}]}}