{"id":51928,"date":"2016-06-03T09:40:54","date_gmt":"2016-06-03T08:40:54","guid":{"rendered":"http:\/\/2horizontes.com\/?p=51928"},"modified":"2016-06-03T09:40:54","modified_gmt":"2016-06-03T08:40:54","slug":"encuentro-de-estudiantes-dominicanos-en-espana-busca-potenciar-emprendimiento","status":"publish","type":"post","link":"https:\/\/2horizontes.com\/?p=51928","title":{"rendered":"Encuentro de estudiantes dominicanos en Espa\u00f1a busca potenciar emprendimiento"},"content":{"rendered":"<div id=\"ArticleAuthorDiv\" class=\"article-body-author\"><b>EFE<\/b><\/div>\n<div id=\"ArticleSourceDiv\" class=\"article-body-author\"><b>Madrid<\/b><\/div>\n<div id=\"ArticleBody\">\n<p>Un grupo de estudiantes dominicanos se reuni\u00f3 ayer en Madrid con motivo del Encuentro de Estudiantes dominicanos en Espa\u00f1a, una cita que en su primera edici\u00f3n busca potenciar el emprendimiento de los j\u00f3venes y generar proyectos de transformaci\u00f3n y \u00e9xito en el pa\u00eds caribe\u00f1o.<\/p>\n<p>El embajador de la Rep\u00fablica Dominicana en Espa\u00f1a, An\u00edbal de Castro, destac\u00f3 el esfuerzo y se mostr\u00f3 \u00aborgulloso\u00bb de los estudiantes dominicanos en Espa\u00f1a, y asegur\u00f3 que disponen de \u00abun gran potencial\u00bb.<\/p>\n<p>Alrededor de mil estudiantes dominicanos, el 72 por ciento de los becados por el Ministerio de Educaci\u00f3n de la Rep\u00fablica Dominicana para estudiar en el extranjero, cursan estudios en universidades espa\u00f1olas.<\/p>\n<p>El emprendimiento, a\u00f1adi\u00f3 de Castro, es \u00abclave\u00bb para el pa\u00eds centroamericano, y estas becas ayudar\u00e1n a los dominicanos a \u00abechar adelante sus proyectos y sue\u00f1os que han culminado con estos a\u00f1os de estudios\u00bb.<\/p>\n<p>Durante el encuentro, un grupo de expertos espa\u00f1oles y dominicanos en materia de emprendimiento hablaron de sus experiencias y proyectos a los alumnos.<\/p>\n<p>\u00abEl tiempo es lo que m\u00e1s vale, el dinero no es nada. Lo peor que hay es llegar al final de la vida y pensar en lo que no hiciste\u00bb, expres\u00f3 el espa\u00f1ol Antonio Sainz, fundador del Instituto Europeo para el Emprendimiento (EIE por sus siglas en ingl\u00e9s).<\/p>\n<p>Los participantes animaron a los estudiantes a poner en pr\u00e1ctica sus ideas, con \u00abilusi\u00f3n y constancia\u00bb, seg\u00fan dijo Crismeidy Ure\u00f1a, que tras estudiar un m\u00e1ster en Espa\u00f1a fund\u00f3 la revista &#8216;Soy Caribe&#8217;, dirigida a los dominicanos residentes en el extranjero.<\/p>\n<p>Como parte del fomento del estudio en el extranjero, la Embajada de la Rep\u00fablica Dominicana en Espa\u00f1a y el Ministerio de Educaci\u00f3n del pa\u00eds caribe\u00f1o entregaron recientemente los Premios al M\u00e9rito Escolar, un galard\u00f3n que busca reconocer el trabajo de los estudiantes dominicanos en el exterior por su \u00abrendimiento acad\u00e9mico y comportamiento ejemplar\u00bb.<\/p>\n<\/div>\n","protected":false},"excerpt":{"rendered":"<p>EFE Madrid Un grupo de estudiantes dominicanos se reuni\u00f3 ayer en Madrid con motivo del Encuentro de Estudiantes dominicanos en Espa\u00f1a, una cita que en su primera edici\u00f3n busca potenciar el emprendimiento de los j\u00f3venes y generar proyectos de transformaci\u00f3n y \u00e9xito en el pa\u00eds caribe\u00f1o. El embajador de la Rep\u00fablica Dominicana en Espa\u00f1a, An\u00edbal [&hellip;]<\/p>\n","protected":false},"author":7,"featured_media":51930,"comment_status":"open","ping_status":"open","sticky":false,"template":"","format":"standard","meta":{"footnotes":""},"categories":[46,55,85,40],"tags":[],"class_list":["post-51928","post","type-post","status-publish","format-standard","has-post-thumbnail","hentry","category-dominicanos-en-madrid","category-educacion","category-espana","category-internacionales"],"_links":{"self":[{"href":"https:\/\/2horizontes.com\/index.php?rest_route=\/wp\/v2\/posts\/51928","targetHints":{"allow":["GET"]}}],"collection":[{"href":"https:\/\/2horizontes.com\/index.php?rest_route=\/wp\/v2\/posts"}],"about":[{"href":"https:\/\/2horizontes.com\/index.php?rest_route=\/wp\/v2\/types\/post"}],"author":[{"embeddable":true,"href":"https:\/\/2horizontes.com\/index.php?rest_route=\/wp\/v2\/users\/7"}],"replies":[{"embeddable":true,"href":"https:\/\/2horizontes.com\/index.php?rest_route=%2Fwp%2Fv2%2Fcomments&post=51928"}],"version-history":[{"count":1,"href":"https:\/\/2horizontes.com\/index.php?rest_route=\/wp\/v2\/posts\/51928\/revisions"}],"predecessor-version":[{"id":51931,"href":"https:\/\/2horizontes.com\/index.php?rest_route=\/wp\/v2\/posts\/51928\/revisions\/51931"}],"wp:featuredmedia":[{"embeddable":true,"href":"https:\/\/2horizontes.com\/index.php?rest_route=\/wp\/v2\/media\/51930"}],"wp:attachment":[{"href":"https:\/\/2horizontes.com\/index.php?rest_route=%2Fwp%2Fv2%2Fmedia&parent=51928"}],"wp:term":[{"taxonomy":"category","embeddable":true,"href":"https:\/\/2horizontes.com\/index.php?rest_route=%2Fwp%2Fv2%2Fcategories&post=51928"},{"taxonomy":"post_tag","embeddable":true,"href":"https:\/\/2horizontes.com\/index.php?rest_route=%2Fwp%2Fv2%2Ftags&post=51928"}],"curies":[{"name":"wp","href":"https:\/\/api.w.org\/{rel}","templated":true}]}}