{"id":51784,"date":"2016-06-02T08:53:17","date_gmt":"2016-06-02T07:53:17","guid":{"rendered":"http:\/\/2horizontes.com\/?p=51784"},"modified":"2016-06-02T08:53:17","modified_gmt":"2016-06-02T07:53:17","slug":"rousseff-usa-en-su-defensa-grabaciones-que-tumbaron-dos-ministros-de-temer","status":"publish","type":"post","link":"https:\/\/2horizontes.com\/?p=51784","title":{"rendered":"Rousseff usa en su defensa grabaciones que tumbaron dos ministros de Temer"},"content":{"rendered":"<div id=\"ArticleAuthorDiv\" class=\"article-body-author\"><b>Eduardo Davis \/EFE<\/b><\/div>\n<div id=\"ArticleSourceDiv\" class=\"article-body-author\"><b>Brasilia<\/b><\/div>\n<div id=\"ArticleBody\">\n<p>El abogado de la presidenta suspendida de Brasil, Dilma Rousseff, entreg\u00f3 ayer a la comisi\u00f3n del Senado a cargo del juicio pol\u00edtico el alegato de su defensa, que incluye pol\u00e9micas grabaciones que derrumbaron a dos ministros del mandatario interino, Michel Temer.<\/p>\n<p>La defensa de Rousseff, volcada en 372 p\u00e1ginas de documentos, fue entregada por Jos\u00e9 Eduardo Cardozo, quien fue ministro de Justicia y Abogado General del Estado durante su Gobierno y ahora se dedica exclusivamente a representarla en el proceso.<\/p>\n<p>En el texto, la defensa reitera todos los argumentos ya usados ante la C\u00e1mara de Diputados y el Senado, que en ambos casos fueron rechazados y califican como \u00abfaltas\u00bb administrativas las maniobras fiscales que configuran los cargos.<\/p>\n<p>Esas maniobras, seg\u00fan la acusaci\u00f3n, le permitieron al Gobierno falsear sus resultados en 2014 y 2015 y alterar los presupuestos mediante decretos, todo lo cual est\u00e1 prohibido por ley, y configuran un \u00abcrimen de responsabilidad\u00bb, que es como define la Constituci\u00f3n las causas que pueden provocar la destituci\u00f3n de un mandatario.<\/p>\n<p>La defensa tambi\u00e9n insiste en que el inicio del proceso estuvo en una \u00abvenganza\u00bb del entonces presidente de la C\u00e1mara de Diputados, Eduardo Cunha, ahora suspendido de su cargo por alegada corrupci\u00f3n y que fue quien acept\u00f3 a tr\u00e1mite las acusaciones.<\/p>\n<p>Esa hip\u00f3tesis sostiene que Cunha pidi\u00f3 apoyo a Rousseff frente a un proceso interno en la C\u00e1mara de Diputados que le puede costar el esca\u00f1o y que, como \u00e9sta se lo neg\u00f3, decidi\u00f3 darle curso al tr\u00e1mite contra la mandataria.<\/p>\n<p>Pese a repetir todos los argumentos, los documentos incluyen un elemento nuevo, como son las grabaciones filtradas por la prensa local en las que se escucha a dos ministros designados por Temer criticar las investigaciones en la petrolera estatal Petrobras.<\/p>\n<p>Se trata de los ya exministros de las carteras de Planificaci\u00f3n, Romero Juc\u00e1, y Transparencia, Fabiano Silveira, quienes se vieron obligados a renunciar una vez que se conocieron las grabaciones.<\/p>\n<p>En el caso de Juc\u00e1, se le escucha decir que una vez que Temer asuma el Gobierno en lugar de Rousseff, ser\u00e1 necesario \u00abdelimitar\u00bb esas investigaciones, que afectan a pol\u00edticos de todo el arco parlamentario y a una veintena de empresas privadas.<\/p>\n<p>Silveira, por su parte, critica la forma en que se conducen las investigaciones y llega a aconsejar a algunos de los implicados en cuanto a las l\u00edneas de defensa que deben adoptar.<\/p>\n<p>Aunque ambas grabaciones fueron hechas hace meses, su divulgaci\u00f3n ahora gener\u00f3 la primera gran crisis del Gobierno interino de Temer y le cost\u00f3 el cargo a ambos, aunque para Cardozo constituyen la prueba de que el proceso contra Rousseff es un \u00abgolpe\u00bb.<\/p>\n<p>Seg\u00fan la defensa de la mandataria suspendida, las declaraciones de ambos en esas conversaciones \u00abcomprueban\u00bb la tesis de que uno de los objetivos del proceso es obstruir la acci\u00f3n de la justicia y \u00abproteger\u00bb a los culpables de la corrupci\u00f3n en Petrobras.<\/p>\n<p>La defensa de Rousseff fue entregada en v\u00edsperas de una reuni\u00f3n de la comisi\u00f3n responsable del juicio pol\u00edtico, que este jueves deber\u00e1 discutir el cronograma propuesto por el senador instructor del caso, Antonio Anastasia, para las pr\u00f3ximas fases del tr\u00e1mite parlamentario.<\/p>\n<p>Ese calendario plantea que el pleno del Senado se pronunciar\u00eda sobre el caso entre los pr\u00f3ximos 1 y 2 de agosto, una vez concluida toda la fase procesal, en la que ser\u00e1n escuchados testigos de la defensa y la acusaci\u00f3n.<\/p>\n<p>Si por mayor\u00eda simple entre los 81 senadores se decidiera apoyar el proceso, el pleno de la C\u00e1mara Alta ser\u00e1 convocado por la Corte Suprema para una \u00faltima sesi\u00f3n, en la cual Rousseff ser\u00eda despojada de su mandato si lo aprobase una mayor\u00eda calificada de 54 votos.<\/p>\n<p>En caso contrario, Rousseff ser\u00eda absuelta y deber\u00eda recuperar el cargo una vez que se publique la sentencia, lo que relegar\u00eda a Temer otra vez a una vicepresidencia que ser\u00eda virtualmente inviable, tras el claro distanciamiento y enemistad entre ambos.<\/p>\n<\/div>\n","protected":false},"excerpt":{"rendered":"<p>Eduardo Davis \/EFE Brasilia El abogado de la presidenta suspendida de Brasil, Dilma Rousseff, entreg\u00f3 ayer a la comisi\u00f3n del Senado a cargo del juicio pol\u00edtico el alegato de su defensa, que incluye pol\u00e9micas grabaciones que derrumbaron a dos ministros del mandatario interino, Michel Temer. La defensa de Rousseff, volcada en 372 p\u00e1ginas de documentos, [&hellip;]<\/p>\n","protected":false},"author":7,"featured_media":51785,"comment_status":"open","ping_status":"open","sticky":false,"template":"","format":"standard","meta":{"footnotes":""},"categories":[40,43],"tags":[],"class_list":["post-51784","post","type-post","status-publish","format-standard","has-post-thumbnail","hentry","category-internacionales","category-politica"],"_links":{"self":[{"href":"https:\/\/2horizontes.com\/index.php?rest_route=\/wp\/v2\/posts\/51784","targetHints":{"allow":["GET"]}}],"collection":[{"href":"https:\/\/2horizontes.com\/index.php?rest_route=\/wp\/v2\/posts"}],"about":[{"href":"https:\/\/2horizontes.com\/index.php?rest_route=\/wp\/v2\/types\/post"}],"author":[{"embeddable":true,"href":"https:\/\/2horizontes.com\/index.php?rest_route=\/wp\/v2\/users\/7"}],"replies":[{"embeddable":true,"href":"https:\/\/2horizontes.com\/index.php?rest_route=%2Fwp%2Fv2%2Fcomments&post=51784"}],"version-history":[{"count":1,"href":"https:\/\/2horizontes.com\/index.php?rest_route=\/wp\/v2\/posts\/51784\/revisions"}],"predecessor-version":[{"id":51786,"href":"https:\/\/2horizontes.com\/index.php?rest_route=\/wp\/v2\/posts\/51784\/revisions\/51786"}],"wp:featuredmedia":[{"embeddable":true,"href":"https:\/\/2horizontes.com\/index.php?rest_route=\/wp\/v2\/media\/51785"}],"wp:attachment":[{"href":"https:\/\/2horizontes.com\/index.php?rest_route=%2Fwp%2Fv2%2Fmedia&parent=51784"}],"wp:term":[{"taxonomy":"category","embeddable":true,"href":"https:\/\/2horizontes.com\/index.php?rest_route=%2Fwp%2Fv2%2Fcategories&post=51784"},{"taxonomy":"post_tag","embeddable":true,"href":"https:\/\/2horizontes.com\/index.php?rest_route=%2Fwp%2Fv2%2Ftags&post=51784"}],"curies":[{"name":"wp","href":"https:\/\/api.w.org\/{rel}","templated":true}]}}