{"id":51732,"date":"2016-06-01T06:08:28","date_gmt":"2016-06-01T05:08:28","guid":{"rendered":"http:\/\/2horizontes.com\/?p=51732"},"modified":"2016-06-01T06:08:28","modified_gmt":"2016-06-01T05:08:28","slug":"la-impactante-imagen-de-un-bebe-migrante-muerto-en-el-mediterraneo","status":"publish","type":"post","link":"https:\/\/2horizontes.com\/?p=51732","title":{"rendered":"La impactante imagen de un beb\u00e9 migrante muerto en el Mediterr\u00e1neo"},"content":{"rendered":"<p><strong>(CNN) &#8211;<\/strong> Un fuerte imagen ha sido divulgada tras una de las semanas m\u00e1s mortales de la\u00a0crisis de\u00a0migrantes que cruzan\u00a0el Mediterr\u00e1neo intentando llegar a Europa.<\/p>\n<p><span id=\"more-290356\"><\/span>La foto muestra a un voluntario sosteniendo en sus brazos a un beb\u00e9 sin vida en un bote de rescate. El beb\u00e9 muri\u00f3 ahogado tras el naufragio de un bote migrante frente a la costa de Libia el 27 de mayo.<\/p>\n<p class=\"x_MsoNormal\">La imagen fue divulgada por\u00a0Sea-Watch, una organizaci\u00f3n humanitaria alemana, y tomada ese viernes 27 de mayo. La organizaci\u00f3n trabajaba con la Armada de Italia para recuperar cuerpos del naufragio.<\/p>\n<p class=\"x_MsoNormal\">A\u00fan se desconoce la cifra exacta\u00a0de muertos de ese siniestro.\u00a0Sea-Watch cree que hab\u00eda 350 personas a bordo y que muchos se ahogaron para el momento en que llegaron los equipos de socorro.<\/p>\n<p class=\"x_MsoNormal\">Al menos 880 inmigrantes fallecieron la \u00faltima semana en el Mediterr\u00e1neo, seg\u00fan la Agencia para los Refugiados de la ONU.<\/p>\n<p class=\"x_MsoNormal\">\u00a0Sea-Watch le dijo a\u00a0CNN que el voluntario es un terapeuta alem\u00e1n, de nombre\u00a0\u201cMartin\u201d. Por lo pronto no hay detalles sobre la edad, el g\u00e9nero y la nacionalidad del beb\u00e9.<\/p>\n<p class=\"x_MsoNormal\">\u00abSi no queremos ver este tipo de im\u00e1genes, debemos dejar de producirlas\u00bb, dijo el fundador de Sea-Watch, Harald H\u00f6ppner, en un comunicado de prensa.<\/p>\n","protected":false},"excerpt":{"rendered":"<p>(CNN) &#8211; Un fuerte imagen ha sido divulgada tras una de las semanas m\u00e1s mortales de la\u00a0crisis de\u00a0migrantes que cruzan\u00a0el Mediterr\u00e1neo intentando llegar a Europa. La foto muestra a un voluntario sosteniendo en sus brazos a un beb\u00e9 sin vida en un bote de rescate. El beb\u00e9 muri\u00f3 ahogado tras el naufragio de un bote [&hellip;]<\/p>\n","protected":false},"author":7,"featured_media":51733,"comment_status":"open","ping_status":"open","sticky":false,"template":"","format":"standard","meta":{"footnotes":""},"categories":[54,40],"tags":[],"class_list":["post-51732","post","type-post","status-publish","format-standard","has-post-thumbnail","hentry","category-emigrantes","category-internacionales"],"_links":{"self":[{"href":"https:\/\/2horizontes.com\/index.php?rest_route=\/wp\/v2\/posts\/51732","targetHints":{"allow":["GET"]}}],"collection":[{"href":"https:\/\/2horizontes.com\/index.php?rest_route=\/wp\/v2\/posts"}],"about":[{"href":"https:\/\/2horizontes.com\/index.php?rest_route=\/wp\/v2\/types\/post"}],"author":[{"embeddable":true,"href":"https:\/\/2horizontes.com\/index.php?rest_route=\/wp\/v2\/users\/7"}],"replies":[{"embeddable":true,"href":"https:\/\/2horizontes.com\/index.php?rest_route=%2Fwp%2Fv2%2Fcomments&post=51732"}],"version-history":[{"count":1,"href":"https:\/\/2horizontes.com\/index.php?rest_route=\/wp\/v2\/posts\/51732\/revisions"}],"predecessor-version":[{"id":51734,"href":"https:\/\/2horizontes.com\/index.php?rest_route=\/wp\/v2\/posts\/51732\/revisions\/51734"}],"wp:featuredmedia":[{"embeddable":true,"href":"https:\/\/2horizontes.com\/index.php?rest_route=\/wp\/v2\/media\/51733"}],"wp:attachment":[{"href":"https:\/\/2horizontes.com\/index.php?rest_route=%2Fwp%2Fv2%2Fmedia&parent=51732"}],"wp:term":[{"taxonomy":"category","embeddable":true,"href":"https:\/\/2horizontes.com\/index.php?rest_route=%2Fwp%2Fv2%2Fcategories&post=51732"},{"taxonomy":"post_tag","embeddable":true,"href":"https:\/\/2horizontes.com\/index.php?rest_route=%2Fwp%2Fv2%2Ftags&post=51732"}],"curies":[{"name":"wp","href":"https:\/\/api.w.org\/{rel}","templated":true}]}}