{"id":51635,"date":"2016-05-31T12:15:19","date_gmt":"2016-05-31T11:15:19","guid":{"rendered":"http:\/\/2horizontes.com\/?p=51635"},"modified":"2016-05-31T12:17:16","modified_gmt":"2016-05-31T11:17:16","slug":"muere-general-imbert-barrera-uno-de-los-que-mataron-a-trujillo","status":"publish","type":"post","link":"https:\/\/2horizontes.com\/?p=51635","title":{"rendered":"Muere general Imbert Barrera, uno de los que mataron a Trujillo."},"content":{"rendered":"<p><strong>SANTO DOMINGO<\/strong>.- Falleci\u00f3 la madrugada de este martes a los 95 a\u00f1os, el mayor general vitalicio Antonio Imbert Barrera, quien fuera uno de los que particip\u00f3 en el complot para el ajusticiamiento del dictador Rafael Le\u00f3nidas Trujillo en 1961.<\/p>\n<p>La p\u00e1gina de Facebook del programa El Matutino Alternativo, de Fidelity 94.1 FM, que produce la sobrina del militar, la periodista Carmen Imbert Brugal, public\u00f3 a las 3:03 de la ma\u00f1ana una fotograf\u00eda de Imbert Barrera y una cinta negra en se\u00f1al de luto.<\/p>\n<p>Imbert Barrera muere justamente al d\u00eda siguiente a la conmemoraci\u00f3n del 55 aniversario de la gesta del 30 de Mayo, que represent\u00f3 el valor de un grupo de dominicanos que emboscaron al dictador la noche del 30 de mayo de 1961, d\u00e1ndole muerte para liberar al pa\u00eds de 31 a\u00f1os del r\u00e9gimen.<\/p>\n<p>Antonio Cosme Imbert Barrera naci\u00f3 en Puerto Plata el 3 de diciembre de 1920, por lo que cumplir\u00eda 96 a\u00f1os pr\u00f3ximamente.<\/p>\n<p>F. 7 D\u00edas.<\/p>\n","protected":false},"excerpt":{"rendered":"<p>SANTO DOMINGO.- Falleci\u00f3 la madrugada de este martes a los 95 a\u00f1os, el mayor general vitalicio Antonio Imbert Barrera, quien fuera uno de los que particip\u00f3 en el complot para el ajusticiamiento del dictador Rafael Le\u00f3nidas Trujillo en 1961. La p\u00e1gina de Facebook del programa El Matutino Alternativo, de Fidelity 94.1 FM, que produce la [&hellip;]<\/p>\n","protected":false},"author":7,"featured_media":51636,"comment_status":"open","ping_status":"open","sticky":false,"template":"","format":"standard","meta":{"footnotes":""},"categories":[43,44],"tags":[],"class_list":["post-51635","post","type-post","status-publish","format-standard","has-post-thumbnail","hentry","category-politica","category-republica-dominicana"],"_links":{"self":[{"href":"https:\/\/2horizontes.com\/index.php?rest_route=\/wp\/v2\/posts\/51635","targetHints":{"allow":["GET"]}}],"collection":[{"href":"https:\/\/2horizontes.com\/index.php?rest_route=\/wp\/v2\/posts"}],"about":[{"href":"https:\/\/2horizontes.com\/index.php?rest_route=\/wp\/v2\/types\/post"}],"author":[{"embeddable":true,"href":"https:\/\/2horizontes.com\/index.php?rest_route=\/wp\/v2\/users\/7"}],"replies":[{"embeddable":true,"href":"https:\/\/2horizontes.com\/index.php?rest_route=%2Fwp%2Fv2%2Fcomments&post=51635"}],"version-history":[{"count":2,"href":"https:\/\/2horizontes.com\/index.php?rest_route=\/wp\/v2\/posts\/51635\/revisions"}],"predecessor-version":[{"id":51638,"href":"https:\/\/2horizontes.com\/index.php?rest_route=\/wp\/v2\/posts\/51635\/revisions\/51638"}],"wp:featuredmedia":[{"embeddable":true,"href":"https:\/\/2horizontes.com\/index.php?rest_route=\/wp\/v2\/media\/51636"}],"wp:attachment":[{"href":"https:\/\/2horizontes.com\/index.php?rest_route=%2Fwp%2Fv2%2Fmedia&parent=51635"}],"wp:term":[{"taxonomy":"category","embeddable":true,"href":"https:\/\/2horizontes.com\/index.php?rest_route=%2Fwp%2Fv2%2Fcategories&post=51635"},{"taxonomy":"post_tag","embeddable":true,"href":"https:\/\/2horizontes.com\/index.php?rest_route=%2Fwp%2Fv2%2Ftags&post=51635"}],"curies":[{"name":"wp","href":"https:\/\/api.w.org\/{rel}","templated":true}]}}