{"id":51632,"date":"2016-05-31T12:04:56","date_gmt":"2016-05-31T11:04:56","guid":{"rendered":"http:\/\/2horizontes.com\/?p=51632"},"modified":"2016-05-31T12:04:56","modified_gmt":"2016-05-31T11:04:56","slug":"la-hija-de-johnny-depp-sale-a-defender-a-su-padre","status":"publish","type":"post","link":"https:\/\/2horizontes.com\/?p=51632","title":{"rendered":"La hija de Johnny Depp sale a defender a su padre"},"content":{"rendered":"<p><strong>(CNN) &#8211;<\/strong> La hija de Johnny Depp ha salido en defensa de su padre\u00a0en redes sociales.<\/p>\n<p>Lily-Rose Depp, de 17 a\u00f1os e hija de la estrella de <em>Piratas del Caribe<\/em>\u00a0con la cantante Vanessa Paradis, public\u00f3 una foto en Instagram de ella misma cuando era una\u00a0beb\u00e9 con su padre.<\/p>\n<p>\u00abMi padre es la persona m\u00e1s cari\u00f1osa y dulce que conozco, no ha sido otra cosa m\u00e1s que un padre maravilloso para mi hermano peque\u00f1o y para m\u00ed, y todo el mundo que lo conoce dir\u00eda lo mismo\u00bb, dice el texto que acompa\u00f1a la foto.<\/p>\n<p>El actor fue\u00a0acusado de violencia dom\u00e9stica por Amber Heard, quien recientemente solicit\u00f3 el divorcio despu\u00e9s de 15 meses de matrimonio.<\/p>\n<p>El viernes, un juez le concedi\u00f3 a Heard una orden de alejamiento temporal contra Depp.<\/p>\n<p>En su reclamaci\u00f3n presentada ante el tribunal, Heard alega que \u00abdurante la totalidad de nuestra relaci\u00f3n, Johnny ha sido verbal y f\u00edsicamente abusivo\u00bb.<\/p>\n<p>\u00abJohnny tiene una historia p\u00fablica y privada de larga data, ampliamente conocida, de abuso de drogas y alcohol\u00bb, agrega la actriz en sus alegatos. \u00abTiene mal genio\u00bb, sostiene la demanda de Heard.<\/p>\n<p>Pero Depp present\u00f3 un memorando ante la corte en el que rechaza las acusaciones de Heard, diciendo: \u00abAmber est\u00e1 tratando de llegar a una soluci\u00f3n financiera prematura alegando abuso\u00bb.<\/p>\n<p>Depp dijo a <em>Rolling Stone<\/em> hace tres a\u00f1os ha consumido alcohol como \u00abautomedicaci\u00f3n a lo largo de los a\u00f1os\u00bb. \u00c9l dijo luego que no\u00a0es un alcoh\u00f3lico.<\/p>\n","protected":false},"excerpt":{"rendered":"<p>(CNN) &#8211; La hija de Johnny Depp ha salido en defensa de su padre\u00a0en redes sociales. Lily-Rose Depp, de 17 a\u00f1os e hija de la estrella de Piratas del Caribe\u00a0con la cantante Vanessa Paradis, public\u00f3 una foto en Instagram de ella misma cuando era una\u00a0beb\u00e9 con su padre. \u00abMi padre es la persona m\u00e1s cari\u00f1osa [&hellip;]<\/p>\n","protected":false},"author":7,"featured_media":51633,"comment_status":"open","ping_status":"open","sticky":false,"template":"","format":"standard","meta":{"footnotes":""},"categories":[1,40],"tags":[],"class_list":["post-51632","post","type-post","status-publish","format-standard","has-post-thumbnail","hentry","category-entretenimiento","category-internacionales"],"_links":{"self":[{"href":"https:\/\/2horizontes.com\/index.php?rest_route=\/wp\/v2\/posts\/51632","targetHints":{"allow":["GET"]}}],"collection":[{"href":"https:\/\/2horizontes.com\/index.php?rest_route=\/wp\/v2\/posts"}],"about":[{"href":"https:\/\/2horizontes.com\/index.php?rest_route=\/wp\/v2\/types\/post"}],"author":[{"embeddable":true,"href":"https:\/\/2horizontes.com\/index.php?rest_route=\/wp\/v2\/users\/7"}],"replies":[{"embeddable":true,"href":"https:\/\/2horizontes.com\/index.php?rest_route=%2Fwp%2Fv2%2Fcomments&post=51632"}],"version-history":[{"count":1,"href":"https:\/\/2horizontes.com\/index.php?rest_route=\/wp\/v2\/posts\/51632\/revisions"}],"predecessor-version":[{"id":51634,"href":"https:\/\/2horizontes.com\/index.php?rest_route=\/wp\/v2\/posts\/51632\/revisions\/51634"}],"wp:featuredmedia":[{"embeddable":true,"href":"https:\/\/2horizontes.com\/index.php?rest_route=\/wp\/v2\/media\/51633"}],"wp:attachment":[{"href":"https:\/\/2horizontes.com\/index.php?rest_route=%2Fwp%2Fv2%2Fmedia&parent=51632"}],"wp:term":[{"taxonomy":"category","embeddable":true,"href":"https:\/\/2horizontes.com\/index.php?rest_route=%2Fwp%2Fv2%2Fcategories&post=51632"},{"taxonomy":"post_tag","embeddable":true,"href":"https:\/\/2horizontes.com\/index.php?rest_route=%2Fwp%2Fv2%2Ftags&post=51632"}],"curies":[{"name":"wp","href":"https:\/\/api.w.org\/{rel}","templated":true}]}}