{"id":51617,"date":"2016-05-31T11:41:08","date_gmt":"2016-05-31T10:41:08","guid":{"rendered":"http:\/\/2horizontes.com\/?p=51617"},"modified":"2016-05-31T11:41:08","modified_gmt":"2016-05-31T10:41:08","slug":"ordenan-arresto-de-seis-de-los-acusados-de-violar-a-una-adolescente-en-brasil","status":"publish","type":"post","link":"https:\/\/2horizontes.com\/?p=51617","title":{"rendered":"Ordenan arresto de seis de los acusados de violar a una adolescente en Brasil"},"content":{"rendered":"<div id=\"ArticleAuthorDiv\" class=\"article-body-author\"><b>EFE<\/b><\/div>\n<div id=\"ArticleSourceDiv\" class=\"article-body-author\"><b>R\u00edo de Janeiro<\/b><\/div>\n<div id=\"ArticleBody\">\n<p>Un juez de la ciudad brasile\u00f1a de R\u00edo de Janeiro orden\u00f3 ayer el arresto de seis de los cerca de treinta acusados de haber violado a una adolescente de 16 a\u00f1os y divulgar las im\u00e1genes de la agresi\u00f3n en las redes sociales, informaron fuentes oficiales.<\/p>\n<p>Los acusados fueron declarados pr\u00f3fugos de la Justicia luego de que decenas de agentes de la Polic\u00eda Militarizada de R\u00edo de Janeiro realizaran un intenso operativo en varias favelas de la ciudad para buscarlos y admitieran no haber localizado a ninguno.<\/p>\n<p>El operativo fue realizado cinco d\u00edas despu\u00e9s de que numerosas personas denunciaron la circulaci\u00f3n de un v\u00eddeo en las redes sociales en la que la joven aparece desnuda y desmayada, con sus \u00f3rganos genitales sangrando, mientras que el autor de la grabaci\u00f3n comenta que fue violada por al menos 30 personas.<\/p>\n<p>La joven denunci\u00f3 ante la Polic\u00eda que fue dopada y violada por 33 hombres, algunos armados con pistolas y fusiles, en una vivienda usada por supuestos narcotraficantes para encuentros sexuales con menores en el Morro do Barao, una barriada pobre en la zona oeste de R\u00edo de Janeiro.<\/p>\n<p>Entre los acusados contra quienes fueron dictadas \u00f3rdenes de arresto figura Sergio Luiz da Silva J\u00fanior, conocido como \u00abDa Russa\u00bb y al que se se\u00f1ala como el jefe de la organizaci\u00f3n que controla el tr\u00e1fico de drogas en el Morro do Barao.<\/p>\n<p>Igualmente fue ordenada la detenci\u00f3n de Lucas Perdomo, a quien la menor violada identific\u00f3 como su novio y en cuya casa dijo haber pasado la noche del s\u00e1bado 21 de mayo antes de despertar al d\u00eda siguiente, dopada y desnuda, en la vivienda en que fue atacada.<\/p>\n<p>Otro de los incluidos en la orden de detenci\u00f3n es Ra\u00ed de Souza, de 22 a\u00f1os y que el s\u00e1bado pasado se present\u00f3 en una comisar\u00eda de Polic\u00eda para identificarse como el autor del v\u00eddeo difundido por la internet.<\/p>\n<p>De Souza dijo haber tenido relaciones sexuales \u00abconsentidas\u00bb con la v\u00edctima, pero neg\u00f3 su participaci\u00f3n en la supuesta violaci\u00f3n colectiva.<\/p>\n<p>Otro de los ahora pr\u00f3fugos es Marcelo Miranda da Cruz Correa, el primero que public\u00f3 el v\u00eddeo en las redes sociales.<\/p>\n<p>Tambi\u00e9n fue ordenado el arresto de otros dos hombres identificados como Raphael Assis Duarte Belo y Michel Brasil da Silva.<\/p>\n<p>Los seis fueron buscados infructuosamente en diferentes residencias en las favelas de Ciudad de Deus y Rula, as\u00ed como de los barrios de Recreio dos Bandeirantes, Taquara y Pra\u00e7a Seca.<\/p>\n<p>El caso ha consternado a Brasil y gener\u00f3 una cadena de condenas en las redes sociales, entre ellas la de Dilma Rousseff, la presidenta suspendida temporalmente del cargo, y del Gobierno interino de Michel Temer, adem\u00e1s de la ONU y otros organismos.<\/p>\n<p>Temer anticip\u00f3 que crear\u00e1 un departamento en la Polic\u00eda Federal para coordinar en todo el pa\u00eds el combate a cr\u00edmenes contra la mujer y enfatiz\u00f3 que el Gobierno est\u00e1 movilizado, junto con la Secretar\u00eda P\u00fablica de R\u00edo de Janeiro, para \u00abcastigar con rigor a los autores de la violaci\u00f3n\u00bb.<\/p>\n<p>En varias ciudades hubo manifestaciones de apoyo a la joven y de condena a las violaciones y a los intentos de criminalizar a las v\u00edctimas.<\/p>\n<p>De acuerdo con datos del Foro Brasile\u00f1o de Seguridad P\u00fablica, una mujer es violada cada 11 minutos en el pa\u00eds y, en 2014, 47.636 personas sufrieron una agresi\u00f3n sexual.<\/p>\n<\/div>\n","protected":false},"excerpt":{"rendered":"<p>EFE R\u00edo de Janeiro Un juez de la ciudad brasile\u00f1a de R\u00edo de Janeiro orden\u00f3 ayer el arresto de seis de los cerca de treinta acusados de haber violado a una adolescente de 16 a\u00f1os y divulgar las im\u00e1genes de la agresi\u00f3n en las redes sociales, informaron fuentes oficiales. Los acusados fueron declarados pr\u00f3fugos de [&hellip;]<\/p>\n","protected":false},"author":7,"featured_media":51618,"comment_status":"open","ping_status":"open","sticky":false,"template":"","format":"standard","meta":{"footnotes":""},"categories":[40],"tags":[],"class_list":["post-51617","post","type-post","status-publish","format-standard","has-post-thumbnail","hentry","category-internacionales"],"_links":{"self":[{"href":"https:\/\/2horizontes.com\/index.php?rest_route=\/wp\/v2\/posts\/51617","targetHints":{"allow":["GET"]}}],"collection":[{"href":"https:\/\/2horizontes.com\/index.php?rest_route=\/wp\/v2\/posts"}],"about":[{"href":"https:\/\/2horizontes.com\/index.php?rest_route=\/wp\/v2\/types\/post"}],"author":[{"embeddable":true,"href":"https:\/\/2horizontes.com\/index.php?rest_route=\/wp\/v2\/users\/7"}],"replies":[{"embeddable":true,"href":"https:\/\/2horizontes.com\/index.php?rest_route=%2Fwp%2Fv2%2Fcomments&post=51617"}],"version-history":[{"count":1,"href":"https:\/\/2horizontes.com\/index.php?rest_route=\/wp\/v2\/posts\/51617\/revisions"}],"predecessor-version":[{"id":51619,"href":"https:\/\/2horizontes.com\/index.php?rest_route=\/wp\/v2\/posts\/51617\/revisions\/51619"}],"wp:featuredmedia":[{"embeddable":true,"href":"https:\/\/2horizontes.com\/index.php?rest_route=\/wp\/v2\/media\/51618"}],"wp:attachment":[{"href":"https:\/\/2horizontes.com\/index.php?rest_route=%2Fwp%2Fv2%2Fmedia&parent=51617"}],"wp:term":[{"taxonomy":"category","embeddable":true,"href":"https:\/\/2horizontes.com\/index.php?rest_route=%2Fwp%2Fv2%2Fcategories&post=51617"},{"taxonomy":"post_tag","embeddable":true,"href":"https:\/\/2horizontes.com\/index.php?rest_route=%2Fwp%2Fv2%2Ftags&post=51617"}],"curies":[{"name":"wp","href":"https:\/\/api.w.org\/{rel}","templated":true}]}}