{"id":51611,"date":"2016-05-31T11:32:22","date_gmt":"2016-05-31T10:32:22","guid":{"rendered":"http:\/\/2horizontes.com\/?p=51611"},"modified":"2016-05-31T11:32:22","modified_gmt":"2016-05-31T10:32:22","slug":"canciller-dice-no-tener-conocimiento-de-amparo-de-el-chapo-contra-extradicion","status":"publish","type":"post","link":"https:\/\/2horizontes.com\/?p=51611","title":{"rendered":"Canciller dice no tener conocimiento de amparo de \u201cel Chapo\u201d contra extradici\u00f3n"},"content":{"rendered":"<div id=\"ArticleAuthorDiv\" class=\"article-body-author\"><b>EFE<\/b><\/div>\n<div id=\"ArticleSourceDiv\" class=\"article-body-author\"><b>M\u00e9xico<\/b><\/div>\n<div id=\"ArticleBody\">\n<p>La ministra mexicana de Relaciones Exteriores, Claudia Ruiz Massieu, asegur\u00f3 ayer que hasta donde sabe el capo Joaqu\u00edn \u00abel Chapo\u00bb Guzm\u00e1n no ha presentado un recurso de amparo contra la decisi\u00f3n de la Canciller\u00eda de extraditarlo a EE.UU.<\/p>\n<p>\u00abHasta donde es nuestro conocimiento el se\u00f1or Guzm\u00e1n Loera no ha interpuesto ning\u00fan amparo en contra de estos dos acuerdos de extradici\u00f3n\u00bb emitidos por la Canciller\u00eda y notificados el 20 de mayo pasado al capo, afirm\u00f3 en conferencia de prensa.<\/p>\n<p>El l\u00edder del C\u00e1rtel de Sinaloa, quien se ha escapado de dos c\u00e1rceles mexicanas de m\u00e1xima seguridad desde 2001, \u00abtiene 30 d\u00edas h\u00e1biles para interponer amparo en este sentido\u00bb, los cuales \u00abvencen el 1 de julio y estaremos atentos a ello\u00bb, a\u00f1adi\u00f3.<\/p>\n<p>Los abogados Juan Pablo Badillo Soto y Jos\u00e9 Luis Gonz\u00e1lez Meza anunciaron el viernes pasado que un d\u00eda antes hab\u00edan presentando el recurso ante el Juzgado D\u00e9cimo Tercero de Distrito de Amparo en Materia Penal de la Ciudad de M\u00e9xico.<\/p>\n<p>El mismo viernes se dio a conocer que el tribunal concedi\u00f3 la suspensi\u00f3n provisional de la extradici\u00f3n como una medida cautelar y acorde a los lineamientos de un juicio de amparo.<\/p>\n<p>Esa medida tendr\u00e1 efecto \u00abhasta en tanto se notifique a las autoridades responsables lo que se resuelva en relaci\u00f3n con la suspensi\u00f3n definitiva\u00bb, se\u00f1al\u00f3 el juez.<\/p>\n<p>Adem\u00e1s, dio un plazo \u00abimprorrogable\u00bb de 48 horas para que la Canciller\u00eda presente un informe que justifique que esta decisi\u00f3n cumple con el Tratado de Extradici\u00f3n firmado entre ambos pa\u00edses.<\/p>\n<p>Una fuente del Consejo de la Judicatura Federal confirm\u00f3 este lunes a Efe la presentaci\u00f3n de dicho amparo y la resoluci\u00f3n al respecto tomada por el juez, pero aclar\u00f3 que \u00abpara que tenga efectos\u00bb, el recurso debe ser ratificado por el capo en un lapso de tres d\u00edas.<\/p>\n<p>Para ello, explic\u00f3, el propio juez le env\u00eda a Guzm\u00e1n un oficio en el que le pide que ratifique la demanda de amparo.<\/p>\n<p>El abogado Jos\u00e9 Refugio Rodr\u00edguez explic\u00f3 hoy a Efe que ni Badillo Soto ni Gonz\u00e1lez Meza forman parte del equipo de defensores del narcotraficante y es por ello que este debe ratificar el recurso interpuesto por ellos.<\/p>\n<p>\u00abLo m\u00e1s seguro es que no lo va a ratificar\u00bb, opin\u00f3 Rodr\u00edguez, quien encabeza el equipo legal del Chapo, integrado por unos doce abogados, al recordar que recientemente Guzm\u00e1n rechaz\u00f3 otro recurso presentado por Badillo.<\/p>\n<p>\u00abNosotros apenas estamos preparando la demanda de amparo\u00bb, ya que hasta el jueves pasado \u00abobtuvimos copia de la resoluci\u00f3n\u00bb emitida por la Secretar\u00eda de Relaciones Exteriores (SRE) y \u00abla estamos estudiando\u00bb, apunt\u00f3.<\/p>\n<p>El letrado estim\u00f3 que en unas dos o tres semanas presentar\u00e1 su recurso de amparo.<\/p>\n<p>El Chapo afronta numerosos cargos en Estados Unidos. Una corte de California lo acusa de tr\u00e1fico de coca\u00edna, mientras que otra de Texas le imputa este mismo delito, adem\u00e1s de delincuencia organizada, asociaci\u00f3n delictiva, lavado de dinero, homicidio y posesi\u00f3n de armas de fuego.<\/p>\n<p>La SRE anunci\u00f3 el 20 de mayo su decisi\u00f3n de conceder la extradici\u00f3n del capo, unos d\u00edas despu\u00e9s de recibir dos opiniones jur\u00eddicas a favor de la entrega a EE.UU. para que sea procesado en los dos tribunales mencionados.<\/p>\n<p>El criminal fue recluido el 8 de enero pasado en la prisi\u00f3n del Altiplano, en el central Estado de M\u00e9xico, luego de ser recapturado en su estado natal de Sinaloa, seis meses despu\u00e9s de que se fugara de ese penal a trav\u00e9s de un t\u00fanel de 1,5 kil\u00f3metros.<\/p>\n<p>En mayo fue trasladado de manera sorpresiva a una prisi\u00f3n de Ciudad Ju\u00e1rez, fronteriza con Estados Unidos, lo que desat\u00f3 rumores sobre una inminente extradici\u00f3n del narcotraficante que fueron desmentidos por las autoridades.<\/p>\n<p>El Gobierno atribuy\u00f3 el traslado de Guzm\u00e1n a obras para reforzar la seguridad en el Altiplano y a una rotaci\u00f3n de presos peligrosos.<\/p>\n<\/div>\n","protected":false},"excerpt":{"rendered":"<p>EFE M\u00e9xico La ministra mexicana de Relaciones Exteriores, Claudia Ruiz Massieu, asegur\u00f3 ayer que hasta donde sabe el capo Joaqu\u00edn \u00abel Chapo\u00bb Guzm\u00e1n no ha presentado un recurso de amparo contra la decisi\u00f3n de la Canciller\u00eda de extraditarlo a EE.UU. \u00abHasta donde es nuestro conocimiento el se\u00f1or Guzm\u00e1n Loera no ha interpuesto ning\u00fan amparo en [&hellip;]<\/p>\n","protected":false},"author":7,"featured_media":51612,"comment_status":"open","ping_status":"open","sticky":false,"template":"","format":"standard","meta":{"footnotes":""},"categories":[40],"tags":[],"class_list":["post-51611","post","type-post","status-publish","format-standard","has-post-thumbnail","hentry","category-internacionales"],"_links":{"self":[{"href":"https:\/\/2horizontes.com\/index.php?rest_route=\/wp\/v2\/posts\/51611","targetHints":{"allow":["GET"]}}],"collection":[{"href":"https:\/\/2horizontes.com\/index.php?rest_route=\/wp\/v2\/posts"}],"about":[{"href":"https:\/\/2horizontes.com\/index.php?rest_route=\/wp\/v2\/types\/post"}],"author":[{"embeddable":true,"href":"https:\/\/2horizontes.com\/index.php?rest_route=\/wp\/v2\/users\/7"}],"replies":[{"embeddable":true,"href":"https:\/\/2horizontes.com\/index.php?rest_route=%2Fwp%2Fv2%2Fcomments&post=51611"}],"version-history":[{"count":1,"href":"https:\/\/2horizontes.com\/index.php?rest_route=\/wp\/v2\/posts\/51611\/revisions"}],"predecessor-version":[{"id":51613,"href":"https:\/\/2horizontes.com\/index.php?rest_route=\/wp\/v2\/posts\/51611\/revisions\/51613"}],"wp:featuredmedia":[{"embeddable":true,"href":"https:\/\/2horizontes.com\/index.php?rest_route=\/wp\/v2\/media\/51612"}],"wp:attachment":[{"href":"https:\/\/2horizontes.com\/index.php?rest_route=%2Fwp%2Fv2%2Fmedia&parent=51611"}],"wp:term":[{"taxonomy":"category","embeddable":true,"href":"https:\/\/2horizontes.com\/index.php?rest_route=%2Fwp%2Fv2%2Fcategories&post=51611"},{"taxonomy":"post_tag","embeddable":true,"href":"https:\/\/2horizontes.com\/index.php?rest_route=%2Fwp%2Fv2%2Ftags&post=51611"}],"curies":[{"name":"wp","href":"https:\/\/api.w.org\/{rel}","templated":true}]}}