{"id":51578,"date":"2016-05-30T23:08:55","date_gmt":"2016-05-30T22:08:55","guid":{"rendered":"http:\/\/2horizontes.com\/?p=51578"},"modified":"2016-05-30T23:08:55","modified_gmt":"2016-05-30T22:08:55","slug":"que-tanto-podras-ver-de-marte-en-su-punto-mas-cercano-a-la-tierra","status":"publish","type":"post","link":"https:\/\/2horizontes.com\/?p=51578","title":{"rendered":"\u00bfQu\u00e9 tanto podr\u00e1s ver de Marte en su punto m\u00e1s cercano a la Tierra?"},"content":{"rendered":"<p>Ser\u00e1 la distancia m\u00e1s corta registrada entre ambos planetas en los \u00faltimos 11 a\u00f1os: 75 millones de kil\u00f3metros.<\/p>\n<p>\u00abMarte alcanza su punto m\u00e1s alto alrededor de la media noche, a unos 35 grados por encima del horizonte sur\u00bb, indica la NASA en su p\u00e1gina web.<\/p>\n<p>\u00abMarte ser\u00e1 visible durante gran parte de la noche\u00bb, se\u00f1ala la Agencia Espacial estadounidense.<\/p>\n<p>A medida de que el planeta rojo se acerque a la Tierra en su \u00f3rbita, explica la NASA, se ver\u00e1 m\u00e1s grande y brillante. Por eso, entre el 18 de mayo y el 3 de junio de 2016 Marte se ver\u00e1 m\u00e1s iluminado.<\/p>\n<p>Y la invitaci\u00f3n es clara: \u00abSimplemente sal y mira hacia arriba, <span id=\"mce_2_start\"><\/span>contacta a tu planetario local<span id=\"mce_2_end\"><\/span> o busca una fiesta de estrellas cerca de tu casa\u00bb.<\/p>\n<h2 class=\"story-body__crosshead\">\u00abA simple vista\u00bb<\/h2>\n<p>Para el 30 de mayo, la NASA asegura que Marte se podr\u00e1 ver \u00aba simple vista\u00bb.<\/p>\n<p>\u00abSolo hay que mirar hacia el sureste en la puesta del Sol, hacia el sur a media noche y al suroeste antes del amanecer\u00bb.<\/p>\n<p>Pero no nos podemos hacer muchas ilusiones de lo que se ver\u00e1 aunque el acercamiento sea fascinante.<\/p>\n<p>\u00abSin necesidad de un equipo especial o de un telescopio poderoso, una persona normal y corriente solo podr\u00e1 ver el punto rojo que es Marte un poco m\u00e1s brillante de lo usual\u00bb, dijo a BBC Mundo, astr\u00f3noma y presidenta de la Academia de Ciencias de Chile.<\/p>\n<p>\u00abS\u00f3lo con telescopios con \u00f3pticas especiales se podr\u00e1 ver la superficie m\u00e1s detallada de Marte\u00bb, a\u00f1adi\u00f3 la profesora.<\/p>\n<h2 class=\"story-body__crosshead\">\u00bfComo la Luna?<\/h2>\n<p>La noticia del acercamiento de Marte tambi\u00e9n ha desatado comparaciones con la Luna.<\/p>\n<div id=\"ns_datapic_blanc-marte-mundo\" class=\"idt__mundo ns_datapic_quote ns_datapic_quote--blanc-marte-mundo newsspec_infographic_template\">\n<div class=\"ns_outer_wrapper ns_outer_wrapper__align-bottom\">\n<div class=\"ns_inner_wrapper\">\n<p class=\"ns_quote ns_quote__size--large\">El tama\u00f1o de Marte en el cielo ser\u00e1 unas 100 veces m\u00e1s peque\u00f1o que el de la Luna<\/p>\n<div class=\"ns_author ns_\">Guillermo Blanc, Universidad de Chile<\/div>\n<\/div>\n<\/div>\n<\/div>\n<p>\u00ab(\u2026) No se deje enga\u00f1ar por ninguno de los mensajes que circulan por internet que aseguran que (Marte) aparecer\u00e1 m\u00e1s grande que la Luna llena. La Luna est\u00e1 a s\u00f3lo 384.000 de kil\u00f3metros de distancia; Marte nunca estar\u00e1 tan cerca\u00bb, advierte en el peri\u00f3dico brit\u00e1nico <em>The Guardian<\/em> Stuart Clark, autor de \u00ab<em>The Unknown Universe<\/em>\u00bb \u00ab(El mundo desconocido)\u00bb.<\/p>\n<p>El profesor asistente del departamento de Astronom\u00eda de la Universidad de Chile, Guillermo Blanc, le explic\u00f3 a BBC Mundo que \u00abdesde la Tierra, Marte se ver\u00e1 aproximadamente unas cinco veces m\u00e1s grande y unas treinta veces m\u00e1s brillante que cuando estos dos planetas est\u00e1n en los puntos m\u00e1s lejanos de su \u00f3rbita\u00bb.<\/p>\n<p>\u00abA\u00fan as\u00ed el tama\u00f1o de Marte en el cielo ser\u00e1 unas 100 veces m\u00e1s peque\u00f1o que el de la Luna y su brillo ser\u00e1 unas 15000 veces menor que el de la Luna llena\u00bb.<\/p>\n<p>Por eso, indica el experto, se ver\u00e1 a simple vista como una estrella relativamente brillante y de color rojizo.<\/p>\n<p>Aunque con un telescopio peque\u00f1o se podr\u00e1 apreciar la luz rojiza, el astr\u00f3nomo chileno hace la misma invitaci\u00f3n que la NASA: s\u00f3lo hay que salir para poder encontrar el planeta, \u00abque tiene un color rojizo muy caracter\u00edstico\u00bb.<\/p>\n<p>As\u00ed que acu\u00e9rdate: este lunes mira al cielo en busca del destello rojo.<\/p>\n<p>BBC<\/p>\n","protected":false},"excerpt":{"rendered":"<p>Ser\u00e1 la distancia m\u00e1s corta registrada entre ambos planetas en los \u00faltimos 11 a\u00f1os: 75 millones de kil\u00f3metros. \u00abMarte alcanza su punto m\u00e1s alto alrededor de la media noche, a unos 35 grados por encima del horizonte sur\u00bb, indica la NASA en su p\u00e1gina web. \u00abMarte ser\u00e1 visible durante gran parte de la noche\u00bb, se\u00f1ala [&hellip;]<\/p>\n","protected":false},"author":13240,"featured_media":51583,"comment_status":"open","ping_status":"open","sticky":false,"template":"","format":"standard","meta":{"footnotes":""},"categories":[83,88],"tags":[],"class_list":["post-51578","post","type-post","status-publish","format-standard","has-post-thumbnail","hentry","category-reportajes","category-tecnologia"],"_links":{"self":[{"href":"https:\/\/2horizontes.com\/index.php?rest_route=\/wp\/v2\/posts\/51578","targetHints":{"allow":["GET"]}}],"collection":[{"href":"https:\/\/2horizontes.com\/index.php?rest_route=\/wp\/v2\/posts"}],"about":[{"href":"https:\/\/2horizontes.com\/index.php?rest_route=\/wp\/v2\/types\/post"}],"author":[{"embeddable":true,"href":"https:\/\/2horizontes.com\/index.php?rest_route=\/wp\/v2\/users\/13240"}],"replies":[{"embeddable":true,"href":"https:\/\/2horizontes.com\/index.php?rest_route=%2Fwp%2Fv2%2Fcomments&post=51578"}],"version-history":[{"count":1,"href":"https:\/\/2horizontes.com\/index.php?rest_route=\/wp\/v2\/posts\/51578\/revisions"}],"predecessor-version":[{"id":51584,"href":"https:\/\/2horizontes.com\/index.php?rest_route=\/wp\/v2\/posts\/51578\/revisions\/51584"}],"wp:featuredmedia":[{"embeddable":true,"href":"https:\/\/2horizontes.com\/index.php?rest_route=\/wp\/v2\/media\/51583"}],"wp:attachment":[{"href":"https:\/\/2horizontes.com\/index.php?rest_route=%2Fwp%2Fv2%2Fmedia&parent=51578"}],"wp:term":[{"taxonomy":"category","embeddable":true,"href":"https:\/\/2horizontes.com\/index.php?rest_route=%2Fwp%2Fv2%2Fcategories&post=51578"},{"taxonomy":"post_tag","embeddable":true,"href":"https:\/\/2horizontes.com\/index.php?rest_route=%2Fwp%2Fv2%2Ftags&post=51578"}],"curies":[{"name":"wp","href":"https:\/\/api.w.org\/{rel}","templated":true}]}}