{"id":51517,"date":"2016-05-30T13:41:45","date_gmt":"2016-05-30T12:41:45","guid":{"rendered":"http:\/\/2horizontes.com\/?p=51517"},"modified":"2016-05-30T13:41:45","modified_gmt":"2016-05-30T12:41:45","slug":"fallece-la-mujer-que-estaba-en-coma-tras-ser-atropellada-por-un-ciclista","status":"publish","type":"post","link":"https:\/\/2horizontes.com\/?p=51517","title":{"rendered":"Fallece la mujer que estaba en coma tras ser atropellada por un ciclista"},"content":{"rendered":"<p>La mujer de 69 a\u00f1os que estaba en coma desde que la atropell\u00f3 un ciclista en Barcelona a finales de abril ha fallecido, seg\u00fan ha informado hoy la familia a la emisora RAC1.<\/p>\n<p>El atropello se produjo el d\u00eda 27 de abril en la confluencia de la avenida Diagonal, el paseo de Gr\u00e0cia y la calle C\u00f2rsega, por parte de un ciclista del que, en un primer momento, se dijo que hab\u00eda huido del lugar pero que, posteriormente, se supo que socorri\u00f3 a la mujer.<\/p>\n<p>El ciclista declar\u00f3 voluntariamente ante la Guardia Urbana que socorri\u00f3 a la v\u00edctima tras el atropello, pero que la mujer le dijo que s\u00f3lo ten\u00eda una peque\u00f1a herida sangrante en la ceja y que se marchaba porque hab\u00eda quedado con unas amigas.<\/p>\n<p>De hecho, el marido de la mujer ha decidido no denunciar al ciclista porque ha considerado que actu\u00f3 correctamente.<\/p>\n<p>La familia ha querido agradecer hoy las \u00abinacabables muestras de amistad, comprensi\u00f3n y apoyo\u00bb que ha recibido mientras la v\u00edctima ha estado hospitalizada en el Hospital de Sant Pau, donde ingres\u00f3 poco despu\u00e9s del atropello, cuando ya se encontraba con sus amigas y se encontr\u00f3 mal.<\/p>\n<p>Un siniestro muy similar le cost\u00f3 la vida en febrero a Muriel Casals, diputada de Junts pel S\u00ed y expresidenta de \u00d2mnium.<\/p>\n","protected":false},"excerpt":{"rendered":"<p>La mujer de 69 a\u00f1os que estaba en coma desde que la atropell\u00f3 un ciclista en Barcelona a finales de abril ha fallecido, seg\u00fan ha informado hoy la familia a la emisora RAC1. El atropello se produjo el d\u00eda 27 de abril en la confluencia de la avenida Diagonal, el paseo de Gr\u00e0cia y la [&hellip;]<\/p>\n","protected":false},"author":3,"featured_media":51518,"comment_status":"open","ping_status":"open","sticky":false,"template":"","format":"standard","meta":{"footnotes":""},"categories":[85],"tags":[],"class_list":["post-51517","post","type-post","status-publish","format-standard","has-post-thumbnail","hentry","category-espana"],"_links":{"self":[{"href":"https:\/\/2horizontes.com\/index.php?rest_route=\/wp\/v2\/posts\/51517","targetHints":{"allow":["GET"]}}],"collection":[{"href":"https:\/\/2horizontes.com\/index.php?rest_route=\/wp\/v2\/posts"}],"about":[{"href":"https:\/\/2horizontes.com\/index.php?rest_route=\/wp\/v2\/types\/post"}],"author":[{"embeddable":true,"href":"https:\/\/2horizontes.com\/index.php?rest_route=\/wp\/v2\/users\/3"}],"replies":[{"embeddable":true,"href":"https:\/\/2horizontes.com\/index.php?rest_route=%2Fwp%2Fv2%2Fcomments&post=51517"}],"version-history":[{"count":1,"href":"https:\/\/2horizontes.com\/index.php?rest_route=\/wp\/v2\/posts\/51517\/revisions"}],"predecessor-version":[{"id":51519,"href":"https:\/\/2horizontes.com\/index.php?rest_route=\/wp\/v2\/posts\/51517\/revisions\/51519"}],"wp:featuredmedia":[{"embeddable":true,"href":"https:\/\/2horizontes.com\/index.php?rest_route=\/wp\/v2\/media\/51518"}],"wp:attachment":[{"href":"https:\/\/2horizontes.com\/index.php?rest_route=%2Fwp%2Fv2%2Fmedia&parent=51517"}],"wp:term":[{"taxonomy":"category","embeddable":true,"href":"https:\/\/2horizontes.com\/index.php?rest_route=%2Fwp%2Fv2%2Fcategories&post=51517"},{"taxonomy":"post_tag","embeddable":true,"href":"https:\/\/2horizontes.com\/index.php?rest_route=%2Fwp%2Fv2%2Ftags&post=51517"}],"curies":[{"name":"wp","href":"https:\/\/api.w.org\/{rel}","templated":true}]}}