{"id":51505,"date":"2016-05-30T11:45:52","date_gmt":"2016-05-30T10:45:52","guid":{"rendered":"http:\/\/2horizontes.com\/?p=51505"},"modified":"2016-05-30T11:45:52","modified_gmt":"2016-05-30T10:45:52","slug":"rescatan-al-futbolista-mexicano-alan-pulido-sano-y-salvo","status":"publish","type":"post","link":"https:\/\/2horizontes.com\/?p=51505","title":{"rendered":"Rescatan al futbolista mexicano Alan Pulido \u00absano y salvo\u00bb"},"content":{"rendered":"<p>M\u00e9xico<\/p>\n<p><strong>(CNN Espa\u00f1ol) &#8211;<\/strong> El futbolista mexicano Alan Pulido fue rescatado \u00absano y salvo\u00bb, confirm\u00f3 el gobierno del estado de Tamaulipas a trav\u00e9s de un comunicado.<span id=\"more-289537\"><\/span><\/p>\n<p>Fue rescatado en un operativo conjunto de las fuerzas federales y estatales, poco antes de la medianoche del domingo (local).<\/p>\n<div class=\"ym-wrapper\"><\/div>\n<p>Pulido hab\u00eda sido privado de su libertad la noche del s\u00e1bado 28 de mayo en Ciudad Victoria, capital de Tamaulipas.<\/p>\n<p>Tras ser rescatado, al futbolista se le hizo una\u00a0valoraci\u00f3n m\u00e9dica, seg\u00fan el comunicado del gobierno estatal.<\/p>\n<p>El gobernador de Tamaulipas, Egidio Torre Cant\u00fa, visit\u00f3 al jugador para constatar que se encontraba bien.<\/p>\n<p>Desde que se dio a conocer la desaparici\u00f3n del futbolista, el Grupo de Coordinaci\u00f3n Tamaulipas inici\u00f3 un operativo para dar con el paradero de Pulido.<\/p>\n<p>Algunos medios locales informaron que Alan estaba acompa\u00f1ado por su novia cuando fue privado de su libertad.<\/p>\n<p>A la joven le permitieron irse, agregaron esas versiones. Ella le avis\u00f3 a los familiares del futbolista, quienes reportaron lo sucedido a las autoridades.<\/p>\n<p>Su actual club, el Olympiacos FC, le dijo a CNN que estaba al tanto de la desaparici\u00f3n de Pulido, y en Twitter hizo votos porque \u00abAlan vuelva a casa sano y salvo\u00bb.<\/p>\n","protected":false},"excerpt":{"rendered":"<p>M\u00e9xico (CNN Espa\u00f1ol) &#8211; El futbolista mexicano Alan Pulido fue rescatado \u00absano y salvo\u00bb, confirm\u00f3 el gobierno del estado de Tamaulipas a trav\u00e9s de un comunicado. Fue rescatado en un operativo conjunto de las fuerzas federales y estatales, poco antes de la medianoche del domingo (local). Pulido hab\u00eda sido privado de su libertad la noche [&hellip;]<\/p>\n","protected":false},"author":7,"featured_media":51506,"comment_status":"open","ping_status":"open","sticky":false,"template":"","format":"standard","meta":{"footnotes":""},"categories":[42,40],"tags":[],"class_list":["post-51505","post","type-post","status-publish","format-standard","has-post-thumbnail","hentry","category-deportes","category-internacionales"],"_links":{"self":[{"href":"https:\/\/2horizontes.com\/index.php?rest_route=\/wp\/v2\/posts\/51505","targetHints":{"allow":["GET"]}}],"collection":[{"href":"https:\/\/2horizontes.com\/index.php?rest_route=\/wp\/v2\/posts"}],"about":[{"href":"https:\/\/2horizontes.com\/index.php?rest_route=\/wp\/v2\/types\/post"}],"author":[{"embeddable":true,"href":"https:\/\/2horizontes.com\/index.php?rest_route=\/wp\/v2\/users\/7"}],"replies":[{"embeddable":true,"href":"https:\/\/2horizontes.com\/index.php?rest_route=%2Fwp%2Fv2%2Fcomments&post=51505"}],"version-history":[{"count":1,"href":"https:\/\/2horizontes.com\/index.php?rest_route=\/wp\/v2\/posts\/51505\/revisions"}],"predecessor-version":[{"id":51507,"href":"https:\/\/2horizontes.com\/index.php?rest_route=\/wp\/v2\/posts\/51505\/revisions\/51507"}],"wp:featuredmedia":[{"embeddable":true,"href":"https:\/\/2horizontes.com\/index.php?rest_route=\/wp\/v2\/media\/51506"}],"wp:attachment":[{"href":"https:\/\/2horizontes.com\/index.php?rest_route=%2Fwp%2Fv2%2Fmedia&parent=51505"}],"wp:term":[{"taxonomy":"category","embeddable":true,"href":"https:\/\/2horizontes.com\/index.php?rest_route=%2Fwp%2Fv2%2Fcategories&post=51505"},{"taxonomy":"post_tag","embeddable":true,"href":"https:\/\/2horizontes.com\/index.php?rest_route=%2Fwp%2Fv2%2Ftags&post=51505"}],"curies":[{"name":"wp","href":"https:\/\/api.w.org\/{rel}","templated":true}]}}