{"id":51415,"date":"2016-05-28T09:26:22","date_gmt":"2016-05-28T08:26:22","guid":{"rendered":"http:\/\/2horizontes.com\/?p=51415"},"modified":"2016-05-28T09:26:22","modified_gmt":"2016-05-28T08:26:22","slug":"trump-rechaza-debate-con-sanders","status":"publish","type":"post","link":"https:\/\/2horizontes.com\/?p=51415","title":{"rendered":"Trump rechaza debate con Sanders"},"content":{"rendered":"<div id=\"ArticleAuthorDiv\" class=\"article-body-author\"><b>EFE<\/b><\/div>\n<div id=\"ArticleSourceDiv\" class=\"article-body-author\"><b>Washington<\/b><\/div>\n<div id=\"ArticleBody\">\n<p>El virtual candidato republicano a la Casa Blanca, Donald Trump, rechaz\u00f3 ayer celebrar un debate televisado con el aspirante presidencial dem\u00f3crata Bernie Sanders, dos d\u00edas despu\u00e9s de haberse mostrado abierto a ello.<\/p>\n<p>El mi\u00e9rcoles por la noche, durante una entrevista en el programa de Jimmy Kimmel, Trump se declar\u00f3 dispuesto a participar en un cara a cara con el senador Sanders, siempre que las ganancias del debate fueran para alguna organizaci\u00f3n o iniciativa ben\u00e9fica.<\/p>\n<p>Pero ayer, en un comunicado divulgado por su campa\u00f1a, el pol\u00e9mico magnate dijo que, dado que desde el jueves tiene asegurada la candidatura presidencial republicana con el apoyo de los 1,237 delegados necesarios, ser\u00eda \u201cinapropiado\u201d celebrar un debate con Sanders.<\/p>\n<p>As\u00ed, Trump sostuvo que esperar\u00e1 a debatir con quien obtenga el \u201cprimer lugar\u201d en la contienda por la nominaci\u00f3n presidencial dem\u00f3crata, \u201cprobablemente\u201d la ex secretaria de Estado Hillary Clinton.<\/p>\n<p>Mientras, tras haber declarado desde el principio su disposici\u00f3n a debatir con Trump, Sanders emiti\u00f3 ayer un comunicado en el que afirm\u00f3 que espera que el magnate cambie de nuevo de opini\u00f3n y enfatiz\u00f3 que, en \u201cpr\u00e1cticamente todas\u201d las encuestas \u00e9l se impone a Trump.<\/p>\n<\/div>\n","protected":false},"excerpt":{"rendered":"<p>EFE Washington El virtual candidato republicano a la Casa Blanca, Donald Trump, rechaz\u00f3 ayer celebrar un debate televisado con el aspirante presidencial dem\u00f3crata Bernie Sanders, dos d\u00edas despu\u00e9s de haberse mostrado abierto a ello. El mi\u00e9rcoles por la noche, durante una entrevista en el programa de Jimmy Kimmel, Trump se declar\u00f3 dispuesto a participar en [&hellip;]<\/p>\n","protected":false},"author":7,"featured_media":51416,"comment_status":"open","ping_status":"open","sticky":false,"template":"","format":"standard","meta":{"footnotes":""},"categories":[40,43],"tags":[],"class_list":["post-51415","post","type-post","status-publish","format-standard","has-post-thumbnail","hentry","category-internacionales","category-politica"],"_links":{"self":[{"href":"https:\/\/2horizontes.com\/index.php?rest_route=\/wp\/v2\/posts\/51415","targetHints":{"allow":["GET"]}}],"collection":[{"href":"https:\/\/2horizontes.com\/index.php?rest_route=\/wp\/v2\/posts"}],"about":[{"href":"https:\/\/2horizontes.com\/index.php?rest_route=\/wp\/v2\/types\/post"}],"author":[{"embeddable":true,"href":"https:\/\/2horizontes.com\/index.php?rest_route=\/wp\/v2\/users\/7"}],"replies":[{"embeddable":true,"href":"https:\/\/2horizontes.com\/index.php?rest_route=%2Fwp%2Fv2%2Fcomments&post=51415"}],"version-history":[{"count":1,"href":"https:\/\/2horizontes.com\/index.php?rest_route=\/wp\/v2\/posts\/51415\/revisions"}],"predecessor-version":[{"id":51417,"href":"https:\/\/2horizontes.com\/index.php?rest_route=\/wp\/v2\/posts\/51415\/revisions\/51417"}],"wp:featuredmedia":[{"embeddable":true,"href":"https:\/\/2horizontes.com\/index.php?rest_route=\/wp\/v2\/media\/51416"}],"wp:attachment":[{"href":"https:\/\/2horizontes.com\/index.php?rest_route=%2Fwp%2Fv2%2Fmedia&parent=51415"}],"wp:term":[{"taxonomy":"category","embeddable":true,"href":"https:\/\/2horizontes.com\/index.php?rest_route=%2Fwp%2Fv2%2Fcategories&post=51415"},{"taxonomy":"post_tag","embeddable":true,"href":"https:\/\/2horizontes.com\/index.php?rest_route=%2Fwp%2Fv2%2Ftags&post=51415"}],"curies":[{"name":"wp","href":"https:\/\/api.w.org\/{rel}","templated":true}]}}