{"id":51379,"date":"2016-05-28T01:24:53","date_gmt":"2016-05-28T00:24:53","guid":{"rendered":"http:\/\/2horizontes.com\/?p=51379"},"modified":"2016-05-28T01:24:53","modified_gmt":"2016-05-28T00:24:53","slug":"el-presidente-hollande-se-mantendra-firme-ante-la-revuelta-social-en-francia","status":"publish","type":"post","link":"https:\/\/2horizontes.com\/?p=51379","title":{"rendered":"El presidente Hollande se \u201cmantendr\u00e1 firme\u201d ante la revuelta social en Francia"},"content":{"rendered":"<p>PAR\u00cdS. El presidente Fran\u00e7ois Hollande reiter\u00f3 el viernes su voluntad de \u201cmantenerse firme\u201d frente a la revuelta social contra la reforma laboral, que dura ya dos meses en Francia, salpicada de huelgas, manifestaciones y bloqueos de sitios industriales, y que podr\u00eda intensificarse en los pr\u00f3ximos d\u00edas.<\/p>\n<p>Seis de ocho refiner\u00edas del pa\u00eds segu\u00edan paralizadas o funcionaban al ralent\u00ed el viernes por la tarde, mientras fueron desbloqueados todos los dep\u00f3sitos petroleros a excepci\u00f3n de uno en huelga (Gargenville, en regi\u00f3n parisina), seg\u00fan el secretariado de Estado de Transportes.<\/p>\n<p>La situaci\u00f3n parec\u00eda mejorar en las estaciones de servicio. Total precis\u00f3 que, de sus 2.200 estaciones, poco menos de un tercio (659) estaban en dificultades frente a las 815 del jueves, y el grupo hab\u00eda triplicado su flota de camiones respecto a lo habitual para el reaprovisionamiento de su red.<\/p>\n<p>El jueves, decenas de miles de manifestantes (300.000 seg\u00fan el sindicato CGT, 153.000, seg\u00fan las autoridades) salieron de nuevo a la calle en toda Francia. Los ocho sindicatos opuestos a la ley, que consideran excesivamente liberal, llamaron el viernes a \u201ccontinuar y amplificar la movilizaci\u00f3n\u201d.<\/p>\n<p>Aunque las protestas en la calle siguen siendo relativamente contenidas, quienes se oponen del proyecto, y la CGT en particular, juegan a fondo la carta de la acci\u00f3n directa en sectores econ\u00f3micos clave donde este sindicato est\u00e1 fuertemente implantado, y llaman a la \u201cgeneralizaci\u00f3n\u201d de las huelgas.<\/p>\n<p><b>\u2018Clima de odio\u2019<\/b><\/p>\n<p>\u201cMe mantendr\u00e9 firme porque es una buena reforma\u201d, declar\u00f3 el jefe de Estado franc\u00e9s a la prensa al final de la cumbre del G7 en Jap\u00f3n.<\/p>\n<p>El texto, actualmente en discusi\u00f3n en el parlamento, divide a la mayor\u00eda socialista en el poder, al tiempo que sus detractores directamente tratan de paralizar el pa\u00eds para forzar su retirada.<\/p>\n<p>El viernes, el responsable de la patronal, Pierre Gattaz, denunci\u00f3 \u201cm\u00e9todos propios de delincuentes\u201d, tach\u00f3 de \u201cirresponsables\u201d a los detractores de la ley y llam\u00f3 a \u201cresistir al chantaje\u201d de los sindicatos contestatarios.<\/p>\n<p>Por su parte, el l\u00edder de la CGT, Philippe Martinez, denunci\u00f3 lo que considera \u201cclima de odio\u201d existente en el gobierno y la patronal.<\/p>\n<p>Ante las huelgas en el transporte p\u00fablico y el racionamiento del carburante, los franceses mantienen reacciones encontradas. Siete personas de cada diez desean la retirada del texto \u201cpara evitar la paralizaci\u00f3n del pa\u00eds\u201d, seg\u00fan un sondeo.<\/p>\n<p><b>Nuevas manifestaciones a la vista <\/b><\/p>\n<p>Lanzada hace apenas tres meses, la movilizaci\u00f3n social se endureci\u00f3 la semana pasada con el bloqueo de puertos, refiner\u00edas y dep\u00f3sitos de carburante.<\/p>\n<p>El viernes fue reconducida la huelga en las terminales petrol\u00edfera de Le Havre, que el martes dej\u00f3 sin petr\u00f3leo a los aeropuertos parisinos, y en seis de las ocho refiner\u00edas petroleras.<\/p>\n<p>Manuel Valls recibir\u00e1 el s\u00e1bado a los patrones de los sectores petroleros y de transportes para discutir medidas para afrontar la escasez de carburante.<\/p>\n<p>Entre estas medidas, los agricultores tienen permiso para emplear fuel dom\u00e9stico en sus tractores (generalmente prohibido).<\/p>\n<p>A las compa\u00f1\u00edas a\u00e9reas, la direcci\u00f3n general de la aviaci\u00f3n civil (DGAC) les ha pedido que llenen completamente su dep\u00f3sito en el extranjero.<\/p>\n<p>La huelga en las terminales petroleras de Le Havre (que proveen de queroseno a los aeropuertos de Orly y Charles de Gaulles), continuar\u00e1 hasta el lunes, aunque el gobierno ha impuesto un servicio m\u00ednimo.<\/p>\n<p>En la refiner\u00eda de Grandpuits (Seine-et-Marne), los trabajadores han votado prolongar la huelga hasta el 3 de junio y en Donges, la CGT ha llamado al paro indefinido hasta la retirada de la ley.<\/p>\n<p>Por otra parte, el puerto aut\u00f3nomo de La Rochelle, sexto puerto mar\u00edtimo franc\u00e9s, estaba bloqueado el viernes y la CGT Puertos y Muelles hab\u00eda convocado una nueva huelga de 24 horas para el 2 de junio.<\/p>\n<p>Nueve centrales nucleares de las 19 existentes en el pa\u00eds han visto bajar su producci\u00f3n, seg\u00fan la CGT, sin por el momento perturbar el aprovisionamiento de electricidad, seg\u00fan el administrador de la red.<\/p>\n<p>Adem\u00e1s de los bloques en sitios industriales, el 14 de junio est\u00e1 prevista una nueva jornada de movilizaci\u00f3n nacional, con una \u201cpotente manifestaci\u00f3n\u201d en Par\u00eds. La fecha coincidir\u00e1 con el inicio del debate de la reforma en el senado.<\/p>\n","protected":false},"excerpt":{"rendered":"<p>PAR\u00cdS. El presidente Fran\u00e7ois Hollande reiter\u00f3 el viernes su voluntad de \u201cmantenerse firme\u201d frente a la revuelta social contra la reforma laboral, que dura ya dos meses en Francia, salpicada de huelgas, manifestaciones y bloqueos de sitios industriales, y que podr\u00eda intensificarse en los pr\u00f3ximos d\u00edas. Seis de ocho refiner\u00edas del pa\u00eds segu\u00edan paralizadas o [&hellip;]<\/p>\n","protected":false},"author":13240,"featured_media":51383,"comment_status":"open","ping_status":"open","sticky":false,"template":"","format":"standard","meta":{"footnotes":""},"categories":[86,40,43],"tags":[],"class_list":["post-51379","post","type-post","status-publish","format-standard","has-post-thumbnail","hentry","category-europa","category-internacionales","category-politica"],"_links":{"self":[{"href":"https:\/\/2horizontes.com\/index.php?rest_route=\/wp\/v2\/posts\/51379","targetHints":{"allow":["GET"]}}],"collection":[{"href":"https:\/\/2horizontes.com\/index.php?rest_route=\/wp\/v2\/posts"}],"about":[{"href":"https:\/\/2horizontes.com\/index.php?rest_route=\/wp\/v2\/types\/post"}],"author":[{"embeddable":true,"href":"https:\/\/2horizontes.com\/index.php?rest_route=\/wp\/v2\/users\/13240"}],"replies":[{"embeddable":true,"href":"https:\/\/2horizontes.com\/index.php?rest_route=%2Fwp%2Fv2%2Fcomments&post=51379"}],"version-history":[{"count":1,"href":"https:\/\/2horizontes.com\/index.php?rest_route=\/wp\/v2\/posts\/51379\/revisions"}],"predecessor-version":[{"id":51384,"href":"https:\/\/2horizontes.com\/index.php?rest_route=\/wp\/v2\/posts\/51379\/revisions\/51384"}],"wp:featuredmedia":[{"embeddable":true,"href":"https:\/\/2horizontes.com\/index.php?rest_route=\/wp\/v2\/media\/51383"}],"wp:attachment":[{"href":"https:\/\/2horizontes.com\/index.php?rest_route=%2Fwp%2Fv2%2Fmedia&parent=51379"}],"wp:term":[{"taxonomy":"category","embeddable":true,"href":"https:\/\/2horizontes.com\/index.php?rest_route=%2Fwp%2Fv2%2Fcategories&post=51379"},{"taxonomy":"post_tag","embeddable":true,"href":"https:\/\/2horizontes.com\/index.php?rest_route=%2Fwp%2Fv2%2Ftags&post=51379"}],"curies":[{"name":"wp","href":"https:\/\/api.w.org\/{rel}","templated":true}]}}