{"id":51378,"date":"2016-05-28T01:21:55","date_gmt":"2016-05-28T00:21:55","guid":{"rendered":"http:\/\/2horizontes.com\/?p=51378"},"modified":"2016-05-28T01:27:21","modified_gmt":"2016-05-28T00:27:21","slug":"leonardo-padron-el-crimen-hacia-rctv-sigue-impune","status":"publish","type":"post","link":"https:\/\/2horizontes.com\/?p=51378","title":{"rendered":"Leonardo Padr\u00f3n: El crimen hacia RCTV sigue impune"},"content":{"rendered":"<p>VENEZUELA.- El escritor venezolano Leonardo Padr\u00f3n record\u00f3 a trav\u00e9s de su cuenta en Twitter el cierre de Radio Caracas Televisi\u00f3n (RCTV), medio que fue cerrado hace 9 a\u00f1os durante el gobierno del fallecido presidente Hugo Ch\u00e1vez.<\/p>\n<p>\u201cHoy se cumplen 9 a\u00f1os del asesinato de RCTV, uno de los medios de comunicaci\u00f3n m\u00e1s importantes del pa\u00eds. El crimen sigue impune\u201d, se\u00f1al\u00f3 el editor en la mencionada plataforma digital.<\/p>\n<p>RCTV sali\u00f3 de la se\u00f1al abierta de la televisi\u00f3n venezolana el 27 de mayo de 2007, cuando Conatel decidi\u00f3 revocar la concesi\u00f3n del medio de comunicaci\u00f3n.<\/p>\n<p>Padr\u00f3n tambi\u00e9n expres\u00f3 que la crisis en el pa\u00eds ha sido factor de controversia y angustia en varias partes del mundo. \u201cVenezuela es tema de angustia en todas partes. Estos \u00b4revolucionarios\u00b4 creen que es porque est\u00e1n transformando al mundo. T\u00edpico. Y triste\u201d, public\u00f3.<\/p>\n<blockquote class=\"twitter-tweet\">\n<p dir=\"ltr\" lang=\"es\">Hoy se cumplen 9 a\u00f1os del asesinato de RCTV, uno de los medios de comunicaci\u00f3n m\u00e1s importantes del pa\u00eds. El crimen sigue impune.<\/p>\n<p>\u2014 Leonardo Padr\u00f3n (@Leonardo_Padron) 27 de mayo de 2016<\/p><\/blockquote>\n<blockquote class=\"twitter-tweet\">\n<p dir=\"ltr\" lang=\"es\">Ya en este pa\u00eds ni el agua potable es potable.<\/p>\n<p>\u2014 Leonardo Padr\u00f3n (@Leonardo_Padron) 27 de mayo de 2016<\/p><\/blockquote>\n<blockquote class=\"twitter-tweet\">\n<p dir=\"ltr\" lang=\"es\">Venezuela es tema de angustia en todas partes. Estos \u00abrevolucionarios\u00bb creen que es porque est\u00e1n transformando al mundo. T\u00edpico. Y triste.<\/p>\n<p>\u2014 Leonardo Padr\u00f3n (@Leonardo_Padron) 27 de mayo de 2016<\/p><\/blockquote>\n","protected":false},"excerpt":{"rendered":"<p>VENEZUELA.- El escritor venezolano Leonardo Padr\u00f3n record\u00f3 a trav\u00e9s de su cuenta en Twitter el cierre de Radio Caracas Televisi\u00f3n (RCTV), medio que fue cerrado hace 9 a\u00f1os durante el gobierno del fallecido presidente Hugo Ch\u00e1vez. \u201cHoy se cumplen 9 a\u00f1os del asesinato de RCTV, uno de los medios de comunicaci\u00f3n m\u00e1s importantes del pa\u00eds. [&hellip;]<\/p>\n","protected":false},"author":13240,"featured_media":51380,"comment_status":"open","ping_status":"open","sticky":false,"template":"","format":"standard","meta":{"footnotes":""},"categories":[40,48],"tags":[],"class_list":["post-51378","post","type-post","status-publish","format-standard","has-post-thumbnail","hentry","category-internacionales","category-venezuela"],"_links":{"self":[{"href":"https:\/\/2horizontes.com\/index.php?rest_route=\/wp\/v2\/posts\/51378","targetHints":{"allow":["GET"]}}],"collection":[{"href":"https:\/\/2horizontes.com\/index.php?rest_route=\/wp\/v2\/posts"}],"about":[{"href":"https:\/\/2horizontes.com\/index.php?rest_route=\/wp\/v2\/types\/post"}],"author":[{"embeddable":true,"href":"https:\/\/2horizontes.com\/index.php?rest_route=\/wp\/v2\/users\/13240"}],"replies":[{"embeddable":true,"href":"https:\/\/2horizontes.com\/index.php?rest_route=%2Fwp%2Fv2%2Fcomments&post=51378"}],"version-history":[{"count":3,"href":"https:\/\/2horizontes.com\/index.php?rest_route=\/wp\/v2\/posts\/51378\/revisions"}],"predecessor-version":[{"id":51387,"href":"https:\/\/2horizontes.com\/index.php?rest_route=\/wp\/v2\/posts\/51378\/revisions\/51387"}],"wp:featuredmedia":[{"embeddable":true,"href":"https:\/\/2horizontes.com\/index.php?rest_route=\/wp\/v2\/media\/51380"}],"wp:attachment":[{"href":"https:\/\/2horizontes.com\/index.php?rest_route=%2Fwp%2Fv2%2Fmedia&parent=51378"}],"wp:term":[{"taxonomy":"category","embeddable":true,"href":"https:\/\/2horizontes.com\/index.php?rest_route=%2Fwp%2Fv2%2Fcategories&post=51378"},{"taxonomy":"post_tag","embeddable":true,"href":"https:\/\/2horizontes.com\/index.php?rest_route=%2Fwp%2Fv2%2Ftags&post=51378"}],"curies":[{"name":"wp","href":"https:\/\/api.w.org\/{rel}","templated":true}]}}